{"id":643,"date":"2021-04-23T17:46:08","date_gmt":"2021-04-23T15:46:08","guid":{"rendered":"http:\/\/unrp-seine-saint-denis.fr\/section\/?p=643"},"modified":"2021-10-06T17:12:47","modified_gmt":"2021-10-06T15:12:47","slug":"thomas-pesquet","status":"publish","type":"post","link":"https:\/\/unrp-seine-saint-denis.fr\/section\/2021\/04\/23\/thomas-pesquet\/","title":{"rendered":"La campagne de vaccination"},"content":{"rendered":"<div class=\"art-PostContent\">\n<p>Attention ceci est r\u00e9serv\u00e9 aux personnes de 75 ans et aussi \u00e0 celles atteintes de pathologies graves, tel que le cancer.<\/p>\n<p>&nbsp;<\/p>\n<p>Vaccination contre le Covid-19: un num\u00e9ro de t\u00e9l\u00e9phone national :<\/p>\n<p><strong>0 800 009 110<\/strong> pour prendre rendez-vous, mais aussi, un site internet : <a href=\"https:\/\/www.sante.fr\/cf\/centres-depistage-covid.html\" target=\"_blank\" rel=\"noopener\"><strong>www.sante.fr<\/strong><\/a><\/p>\n<p>Ouvert 7 jours sur 7 de 6h \u00e0 22h00<\/p>\n<p><strong>N.B. : Patience et longueur de temps font plus que force ni que rage.<\/strong><\/p>\n<\/div>\n","protected":false},"excerpt":{"rendered":"<p>Attention ceci est r\u00e9serv\u00e9 aux personnes de 75 ans et aussi \u00e0 celles atteintes de pathologies graves, tel que le cancer. &nbsp; Vaccination contre le&#46;&#46;&#46;<\/p>\n","protected":false},"author":1,"featured_media":792,"comment_status":"closed","ping_status":"open","sticky":false,"template":"","format":"standard","meta":{"footnotes":""},"categories":[2],"tags":[],"class_list":["post-643","post","type-post","status-publish","format-standard","has-post-thumbnail","hentry","category-annonces"],"yoast_head":"<!-- This site is optimized with the Yoast SEO plugin v22.9 - https:\/\/yoast.com\/wordpress\/plugins\/seo\/ -->\n<title>La campagne de vaccination - Site de la Seine Saint-Denis<\/title>\n<meta name=\"robots\" content=\"index, follow, max-snippet:-1, max-image-preview:large, max-video-preview:-1\" \/>\n<link rel=\"canonical\" href=\"http:\/\/unrp-seine-saint-denis.fr\/section\/2021\/04\/23\/thomas-pesquet\/\" \/>\n<meta property=\"og:locale\" content=\"fr_FR\" \/>\n<meta property=\"og:type\" content=\"article\" \/>\n<meta property=\"og:title\" content=\"La campagne de vaccination - Site de la Seine Saint-Denis\" \/>\n<meta property=\"og:description\" content=\"Attention ceci est r\u00e9serv\u00e9 aux personnes de 75 ans et aussi \u00e0 celles atteintes de pathologies graves, tel que le cancer. &nbsp; Vaccination contre le&#046;&#046;&#046;\" \/>\n<meta property=\"og:url\" content=\"http:\/\/unrp-seine-saint-denis.fr\/section\/2021\/04\/23\/thomas-pesquet\/\" \/>\n<meta property=\"og:site_name\" content=\"Site de la Seine Saint-Denis\" \/>\n<meta property=\"article:published_time\" content=\"2021-04-23T15:46:08+00:00\" \/>\n<meta property=\"article:modified_time\" content=\"2021-10-06T15:12:47+00:00\" \/>\n<meta property=\"og:image\" content=\"http:\/\/unrp-seine-saint-denis.fr\/section\/wp-content\/uploads\/2021\/04\/vaccination-1-e1633533042484.jpg\" \/>\n\t<meta property=\"og:image:width\" content=\"392\" \/>\n\t<meta property=\"og:image:height\" content=\"259\" \/>\n\t<meta property=\"og:image:type\" content=\"image\/jpeg\" \/>\n<meta name=\"author\" content=\"Robert\" \/>\n<meta name=\"twitter:card\" content=\"summary_large_image\" \/>\n<meta name=\"twitter:label1\" content=\"\u00c9crit par\" \/>\n\t<meta name=\"twitter:data1\" content=\"Robert\" \/>\n<script type=\"application\/ld+json\" class=\"yoast-schema-graph\">{\"@context\":\"https:\/\/schema.org\",\"@graph\":[{\"@type\":\"WebPage\",\"@id\":\"http:\/\/unrp-seine-saint-denis.fr\/section\/2021\/04\/23\/thomas-pesquet\/\",\"url\":\"http:\/\/unrp-seine-saint-denis.fr\/section\/2021\/04\/23\/thomas-pesquet\/\",\"name\":\"La campagne de vaccination - Site de la Seine Saint-Denis\",\"isPartOf\":{\"@id\":\"https:\/\/unrp-seine-saint-denis.fr\/section\/#website\"},\"primaryImageOfPage\":{\"@id\":\"http:\/\/unrp-seine-saint-denis.fr\/section\/2021\/04\/23\/thomas-pesquet\/#primaryimage\"},\"image\":{\"@id\":\"http:\/\/unrp-seine-saint-denis.fr\/section\/2021\/04\/23\/thomas-pesquet\/#primaryimage\"},\"thumbnailUrl\":\"https:\/\/unrp-seine-saint-denis.fr\/section\/wp-content\/uploads\/2021\/04\/vaccination-1-e1633533042484.jpg\",\"datePublished\":\"2021-04-23T15:46:08+00:00\",\"dateModified\":\"2021-10-06T15:12:47+00:00\",\"author\":{\"@id\":\"https:\/\/unrp-seine-saint-denis.fr\/section\/#\/schema\/person\/77a4a54746e7c6eece2474c96338c6d0\"},\"breadcrumb\":{\"@id\":\"http:\/\/unrp-seine-saint-denis.fr\/section\/2021\/04\/23\/thomas-pesquet\/#breadcrumb\"},\"inLanguage\":\"fr-FR\",\"potentialAction\":[{\"@type\":\"ReadAction\",\"target\":[\"http:\/\/unrp-seine-saint-denis.fr\/section\/2021\/04\/23\/thomas-pesquet\/\"]}]},{\"@type\":\"ImageObject\",\"inLanguage\":\"fr-FR\",\"@id\":\"http:\/\/unrp-seine-saint-denis.fr\/section\/2021\/04\/23\/thomas-pesquet\/#primaryimage\",\"url\":\"https:\/\/unrp-seine-saint-denis.fr\/section\/wp-content\/uploads\/2021\/04\/vaccination-1-e1633533042484.jpg\",\"contentUrl\":\"https:\/\/unrp-seine-saint-denis.fr\/section\/wp-content\/uploads\/2021\/04\/vaccination-1-e1633533042484.jpg\",\"width\":392,\"height\":259},{\"@type\":\"BreadcrumbList\",\"@id\":\"http:\/\/unrp-seine-saint-denis.fr\/section\/2021\/04\/23\/thomas-pesquet\/#breadcrumb\",\"itemListElement\":[{\"@type\":\"ListItem\",\"position\":1,\"name\":\"Accueil\",\"item\":\"https:\/\/unrp-seine-saint-denis.fr\/section\/\"},{\"@type\":\"ListItem\",\"position\":2,\"name\":\"La campagne de vaccination\"}]},{\"@type\":\"WebSite\",\"@id\":\"https:\/\/unrp-seine-saint-denis.fr\/section\/#website\",\"url\":\"https:\/\/unrp-seine-saint-denis.fr\/section\/\",\"name\":\"Site de la Seine Saint-Denis\",\"description\":\"Toujours plus haut, toujours plus fort.\",\"potentialAction\":[{\"@type\":\"SearchAction\",\"target\":{\"@type\":\"EntryPoint\",\"urlTemplate\":\"https:\/\/unrp-seine-saint-denis.fr\/section\/?s={search_term_string}\"},\"query-input\":\"required name=search_term_string\"}],\"inLanguage\":\"fr-FR\"},{\"@type\":\"Person\",\"@id\":\"https:\/\/unrp-seine-saint-denis.fr\/section\/#\/schema\/person\/77a4a54746e7c6eece2474c96338c6d0\",\"name\":\"Robert\",\"image\":{\"@type\":\"ImageObject\",\"inLanguage\":\"fr-FR\",\"@id\":\"https:\/\/unrp-seine-saint-denis.fr\/section\/#\/schema\/person\/image\/\",\"url\":\"https:\/\/secure.gravatar.com\/avatar\/c3b8872e20c5482937519cc90e54b2ddd2c3b1b8fe7ede9794daf1a9f8acc2fe?s=96&d=blank&r=g\",\"contentUrl\":\"https:\/\/secure.gravatar.com\/avatar\/c3b8872e20c5482937519cc90e54b2ddd2c3b1b8fe7ede9794daf1a9f8acc2fe?s=96&d=blank&r=g\",\"caption\":\"Robert\"},\"sameAs\":[\"http:\/\/unrp-seine-saint-denis.fr\/section\"],\"url\":\"https:\/\/unrp-seine-saint-denis.fr\/section\/author\/admin\/\"}]}<\/script>\n<!-- \/ Yoast SEO plugin. -->","yoast_head_json":{"title":"La campagne de vaccination - Site de la Seine Saint-Denis","robots":{"index":"index","follow":"follow","max-snippet":"max-snippet:-1","max-image-preview":"max-image-preview:large","max-video-preview":"max-video-preview:-1"},"canonical":"http:\/\/unrp-seine-saint-denis.fr\/section\/2021\/04\/23\/thomas-pesquet\/","og_locale":"fr_FR","og_type":"article","og_title":"La campagne de vaccination - Site de la Seine Saint-Denis","og_description":"Attention ceci est r\u00e9serv\u00e9 aux personnes de 75 ans et aussi \u00e0 celles atteintes de pathologies graves, tel que le cancer. &nbsp; Vaccination contre le&#46;&#46;&#46;","og_url":"http:\/\/unrp-seine-saint-denis.fr\/section\/2021\/04\/23\/thomas-pesquet\/","og_site_name":"Site de la Seine Saint-Denis","article_published_time":"2021-04-23T15:46:08+00:00","article_modified_time":"2021-10-06T15:12:47+00:00","og_image":[{"width":392,"height":259,"url":"http:\/\/unrp-seine-saint-denis.fr\/section\/wp-content\/uploads\/2021\/04\/vaccination-1-e1633533042484.jpg","type":"image\/jpeg"}],"author":"Robert","twitter_card":"summary_large_image","twitter_misc":{"\u00c9crit par":"Robert"},"schema":{"@context":"https:\/\/schema.org","@graph":[{"@type":"WebPage","@id":"http:\/\/unrp-seine-saint-denis.fr\/section\/2021\/04\/23\/thomas-pesquet\/","url":"http:\/\/unrp-seine-saint-denis.fr\/section\/2021\/04\/23\/thomas-pesquet\/","name":"La campagne de vaccination - Site de la Seine Saint-Denis","isPartOf":{"@id":"https:\/\/unrp-seine-saint-denis.fr\/section\/#website"},"primaryImageOfPage":{"@id":"http:\/\/unrp-seine-saint-denis.fr\/section\/2021\/04\/23\/thomas-pesquet\/#primaryimage"},"image":{"@id":"http:\/\/unrp-seine-saint-denis.fr\/section\/2021\/04\/23\/thomas-pesquet\/#primaryimage"},"thumbnailUrl":"https:\/\/unrp-seine-saint-denis.fr\/section\/wp-content\/uploads\/2021\/04\/vaccination-1-e1633533042484.jpg","datePublished":"2021-04-23T15:46:08+00:00","dateModified":"2021-10-06T15:12:47+00:00","author":{"@id":"https:\/\/unrp-seine-saint-denis.fr\/section\/#\/schema\/person\/77a4a54746e7c6eece2474c96338c6d0"},"breadcrumb":{"@id":"http:\/\/unrp-seine-saint-denis.fr\/section\/2021\/04\/23\/thomas-pesquet\/#breadcrumb"},"inLanguage":"fr-FR","potentialAction":[{"@type":"ReadAction","target":["http:\/\/unrp-seine-saint-denis.fr\/section\/2021\/04\/23\/thomas-pesquet\/"]}]},{"@type":"ImageObject","inLanguage":"fr-FR","@id":"http:\/\/unrp-seine-saint-denis.fr\/section\/2021\/04\/23\/thomas-pesquet\/#primaryimage","url":"https:\/\/unrp-seine-saint-denis.fr\/section\/wp-content\/uploads\/2021\/04\/vaccination-1-e1633533042484.jpg","contentUrl":"https:\/\/unrp-seine-saint-denis.fr\/section\/wp-content\/uploads\/2021\/04\/vaccination-1-e1633533042484.jpg","width":392,"height":259},{"@type":"BreadcrumbList","@id":"http:\/\/unrp-seine-saint-denis.fr\/section\/2021\/04\/23\/thomas-pesquet\/#breadcrumb","itemListElement":[{"@type":"ListItem","position":1,"name":"Accueil","item":"https:\/\/unrp-seine-saint-denis.fr\/section\/"},{"@type":"ListItem","position":2,"name":"La campagne de vaccination"}]},{"@type":"WebSite","@id":"https:\/\/unrp-seine-saint-denis.fr\/section\/#website","url":"https:\/\/unrp-seine-saint-denis.fr\/section\/","name":"Site de la Seine Saint-Denis","description":"Toujours plus haut, toujours plus fort.","potentialAction":[{"@type":"SearchAction","target":{"@type":"EntryPoint","urlTemplate":"https:\/\/unrp-seine-saint-denis.fr\/section\/?s={search_term_string}"},"query-input":"required name=search_term_string"}],"inLanguage":"fr-FR"},{"@type":"Person","@id":"https:\/\/unrp-seine-saint-denis.fr\/section\/#\/schema\/person\/77a4a54746e7c6eece2474c96338c6d0","name":"Robert","image":{"@type":"ImageObject","inLanguage":"fr-FR","@id":"https:\/\/unrp-seine-saint-denis.fr\/section\/#\/schema\/person\/image\/","url":"https:\/\/secure.gravatar.com\/avatar\/c3b8872e20c5482937519cc90e54b2ddd2c3b1b8fe7ede9794daf1a9f8acc2fe?s=96&d=blank&r=g","contentUrl":"https:\/\/secure.gravatar.com\/avatar\/c3b8872e20c5482937519cc90e54b2ddd2c3b1b8fe7ede9794daf1a9f8acc2fe?s=96&d=blank&r=g","caption":"Robert"},"sameAs":["http:\/\/unrp-seine-saint-denis.fr\/section"],"url":"https:\/\/unrp-seine-saint-denis.fr\/section\/author\/admin\/"}]}},"_links":{"self":[{"href":"https:\/\/unrp-seine-saint-denis.fr\/section\/wp-json\/wp\/v2\/posts\/643","targetHints":{"allow":["GET"]}}],"collection":[{"href":"https:\/\/unrp-seine-saint-denis.fr\/section\/wp-json\/wp\/v2\/posts"}],"about":[{"href":"https:\/\/unrp-seine-saint-denis.fr\/section\/wp-json\/wp\/v2\/types\/post"}],"author":[{"embeddable":true,"href":"https:\/\/unrp-seine-saint-denis.fr\/section\/wp-json\/wp\/v2\/users\/1"}],"replies":[{"embeddable":true,"href":"https:\/\/unrp-seine-saint-denis.fr\/section\/wp-json\/wp\/v2\/comments?post=643"}],"version-history":[{"count":7,"href":"https:\/\/unrp-seine-saint-denis.fr\/section\/wp-json\/wp\/v2\/posts\/643\/revisions"}],"predecessor-version":[{"id":836,"href":"https:\/\/unrp-seine-saint-denis.fr\/section\/wp-json\/wp\/v2\/posts\/643\/revisions\/836"}],"wp:featuredmedia":[{"embeddable":true,"href":"https:\/\/unrp-seine-saint-denis.fr\/section\/wp-json\/wp\/v2\/media\/792"}],"wp:attachment":[{"href":"https:\/\/unrp-seine-saint-denis.fr\/section\/wp-json\/wp\/v2\/media?parent=643"}],"wp:term":[{"taxonomy":"category","embeddable":true,"href":"https:\/\/unrp-seine-saint-denis.fr\/section\/wp-json\/wp\/v2\/categories?post=643"},{"taxonomy":"post_tag","embeddable":true,"href":"https:\/\/unrp-seine-saint-denis.fr\/section\/wp-json\/wp\/v2\/tags?post=643"}],"curies":[{"name":"wp","href":"https:\/\/api.w.org\/{rel}","templated":true}]}}