{"id":698,"date":"2021-05-08T17:12:08","date_gmt":"2021-05-08T15:12:08","guid":{"rendered":"http:\/\/unrp-seine-saint-denis.fr\/section\/?p=698"},"modified":"2021-09-10T13:56:23","modified_gmt":"2021-09-10T11:56:23","slug":"hommage-a-avignon","status":"publish","type":"post","link":"https:\/\/unrp-seine-saint-denis.fr\/section\/2021\/05\/08\/hommage-a-avignon\/","title":{"rendered":"Hommage \u00e0 Avignon"},"content":{"rendered":"<p>Suite au meurtre du brigadier Eric MASSON mercredi \u00e0 Avignon, une marche de soutien est organis\u00e9e le 19 mai \u00e0 Paris par les syndicats de police.<\/p>\n<p>Sur le m\u00eame th\u00e8me : Avignon : un policier abattu, la France endeuill\u00e9e et les syndicats en col\u00e8re<\/p>\n<h2 style=\"text-align: center;\">Hommage dimanche \u00e0 14 heures \u00e0 Avignon<\/h2>\n<p>\u201c<em>Dimanche \u00e0 14h00, nous nous rendrons, tous ensemble, \u00e0 Avignon, pour un<br \/>\nhommage solennel \u00e0 Eric<\/em>\u201d peut-on lire dans le communiqu\u00e9 de presse Intersyndicale.<\/p>\n<p>Dans un seul communiqu\u00e9, ce sont 15 syndicats qui se sont exprim\u00e9s pour exprimer leur soutien \u00e0 la famille du brigadier tu\u00e9 mais \u00e9galement \u00e0 la grande famille de la police, meurtrie depuis le 23 avril avril dernier.<\/p>\n<blockquote class=\"wp-block-quote has-text-align-center\"><p>\u201cTous les policiers et citoyens de France qui souhaitent se joindre<br \/>\n\u00e0 ce moment de recueillement, aupr\u00e8s de la famille Police Nationale, seront les bienvenus\u201d<\/p>\n<p><cite>Communiqu\u00e9 de presse Intersyndicale \u2013 6 mai 2021<\/cite><\/p><\/blockquote>\n<p>Plus qu\u2019un hommage, un appel est lanc\u00e9 par les syndicats pour tout citoyen souhaitant rendre hommage au brigadier Eric.<\/p>\n<h2>Marche citoyenne le 19 mai<\/h2>\n<p>Mercredi 19 mai prochain, une grande marche citoyenne a \u00e9t\u00e9 organis\u00e9e par les syndicats. \u201c<em>Elle devra rassembler le plus largement possible toutes celles et ceux qui d\u00e9sirent marquer leur attachement et leur soutien \u00e0 la Police R\u00e9publicaine<\/em>\u201d expriment les syndicats pour soutenir la famille de polici\u00e8re.<\/p>\n<h2>\u201cViendra ensuite le temps de l\u2019action et des d\u00e9cisions\u201d<\/h2>\n<p>Les syndicats rencontreront G\u00e9rald Darmanin courant semaine prochaine mais ne participeront pas \u00e0 la table ronde du 17 mai au Beauvau de la S\u00e9curit\u00e9. Ces derniers ont d\u00e9cid\u00e9, apr\u00e8s une concertation collective, de provisoirement suspendre leur pr\u00e9sence au Beauvau.<\/p>\n","protected":false},"excerpt":{"rendered":"<p>Suite au meurtre du brigadier Eric MASSON mercredi \u00e0 Avignon, une marche de soutien est organis\u00e9e le 19 mai \u00e0 Paris par les syndicats de&#46;&#46;&#46;<\/p>\n","protected":false},"author":1,"featured_media":808,"comment_status":"closed","ping_status":"open","sticky":false,"template":"","format":"standard","meta":{"footnotes":""},"categories":[2],"tags":[],"class_list":["post-698","post","type-post","status-publish","format-standard","has-post-thumbnail","hentry","category-annonces"],"yoast_head":"<!-- This site is optimized with the Yoast SEO plugin v22.9 - https:\/\/yoast.com\/wordpress\/plugins\/seo\/ -->\n<title>Hommage \u00e0 Avignon - Site de la Seine Saint-Denis<\/title>\n<meta name=\"robots\" content=\"index, follow, max-snippet:-1, max-image-preview:large, max-video-preview:-1\" \/>\n<link rel=\"canonical\" href=\"http:\/\/unrp-seine-saint-denis.fr\/section\/2021\/05\/08\/hommage-a-avignon\/\" \/>\n<meta property=\"og:locale\" content=\"fr_FR\" \/>\n<meta property=\"og:type\" content=\"article\" \/>\n<meta property=\"og:title\" content=\"Hommage \u00e0 Avignon - Site de la Seine Saint-Denis\" \/>\n<meta property=\"og:description\" content=\"Suite au meurtre du brigadier Eric MASSON mercredi \u00e0 Avignon, une marche de soutien est organis\u00e9e le 19 mai \u00e0 Paris par les syndicats de&#046;&#046;&#046;\" \/>\n<meta property=\"og:url\" content=\"http:\/\/unrp-seine-saint-denis.fr\/section\/2021\/05\/08\/hommage-a-avignon\/\" \/>\n<meta property=\"og:site_name\" content=\"Site de la Seine Saint-Denis\" \/>\n<meta property=\"article:published_time\" content=\"2021-05-08T15:12:08+00:00\" \/>\n<meta property=\"article:modified_time\" content=\"2021-09-10T11:56:23+00:00\" \/>\n<meta property=\"og:image\" content=\"http:\/\/unrp-seine-saint-denis.fr\/section\/wp-content\/uploads\/2021\/05\/Eric-masson-e1631274937495.jpg\" \/>\n\t<meta property=\"og:image:width\" content=\"500\" \/>\n\t<meta property=\"og:image:height\" content=\"330\" \/>\n\t<meta property=\"og:image:type\" content=\"image\/jpeg\" \/>\n<meta name=\"author\" content=\"Robert\" \/>\n<meta name=\"twitter:card\" content=\"summary_large_image\" \/>\n<meta name=\"twitter:label1\" content=\"\u00c9crit par\" \/>\n\t<meta name=\"twitter:data1\" content=\"Robert\" \/>\n\t<meta name=\"twitter:label2\" content=\"Dur\u00e9e de lecture estim\u00e9e\" \/>\n\t<meta name=\"twitter:data2\" content=\"1 minute\" \/>\n<script type=\"application\/ld+json\" class=\"yoast-schema-graph\">{\"@context\":\"https:\/\/schema.org\",\"@graph\":[{\"@type\":\"WebPage\",\"@id\":\"http:\/\/unrp-seine-saint-denis.fr\/section\/2021\/05\/08\/hommage-a-avignon\/\",\"url\":\"http:\/\/unrp-seine-saint-denis.fr\/section\/2021\/05\/08\/hommage-a-avignon\/\",\"name\":\"Hommage \u00e0 Avignon - Site de la Seine Saint-Denis\",\"isPartOf\":{\"@id\":\"https:\/\/unrp-seine-saint-denis.fr\/section\/#website\"},\"primaryImageOfPage\":{\"@id\":\"http:\/\/unrp-seine-saint-denis.fr\/section\/2021\/05\/08\/hommage-a-avignon\/#primaryimage\"},\"image\":{\"@id\":\"http:\/\/unrp-seine-saint-denis.fr\/section\/2021\/05\/08\/hommage-a-avignon\/#primaryimage\"},\"thumbnailUrl\":\"https:\/\/unrp-seine-saint-denis.fr\/section\/wp-content\/uploads\/2021\/05\/Eric-masson-e1631274937495.jpg\",\"datePublished\":\"2021-05-08T15:12:08+00:00\",\"dateModified\":\"2021-09-10T11:56:23+00:00\",\"author\":{\"@id\":\"https:\/\/unrp-seine-saint-denis.fr\/section\/#\/schema\/person\/77a4a54746e7c6eece2474c96338c6d0\"},\"breadcrumb\":{\"@id\":\"http:\/\/unrp-seine-saint-denis.fr\/section\/2021\/05\/08\/hommage-a-avignon\/#breadcrumb\"},\"inLanguage\":\"fr-FR\",\"potentialAction\":[{\"@type\":\"ReadAction\",\"target\":[\"http:\/\/unrp-seine-saint-denis.fr\/section\/2021\/05\/08\/hommage-a-avignon\/\"]}]},{\"@type\":\"ImageObject\",\"inLanguage\":\"fr-FR\",\"@id\":\"http:\/\/unrp-seine-saint-denis.fr\/section\/2021\/05\/08\/hommage-a-avignon\/#primaryimage\",\"url\":\"https:\/\/unrp-seine-saint-denis.fr\/section\/wp-content\/uploads\/2021\/05\/Eric-masson-e1631274937495.jpg\",\"contentUrl\":\"https:\/\/unrp-seine-saint-denis.fr\/section\/wp-content\/uploads\/2021\/05\/Eric-masson-e1631274937495.jpg\",\"width\":500,\"height\":330},{\"@type\":\"BreadcrumbList\",\"@id\":\"http:\/\/unrp-seine-saint-denis.fr\/section\/2021\/05\/08\/hommage-a-avignon\/#breadcrumb\",\"itemListElement\":[{\"@type\":\"ListItem\",\"position\":1,\"name\":\"Accueil\",\"item\":\"https:\/\/unrp-seine-saint-denis.fr\/section\/\"},{\"@type\":\"ListItem\",\"position\":2,\"name\":\"Hommage \u00e0 Avignon\"}]},{\"@type\":\"WebSite\",\"@id\":\"https:\/\/unrp-seine-saint-denis.fr\/section\/#website\",\"url\":\"https:\/\/unrp-seine-saint-denis.fr\/section\/\",\"name\":\"Site de la Seine Saint-Denis\",\"description\":\"Toujours plus haut, toujours plus fort.\",\"potentialAction\":[{\"@type\":\"SearchAction\",\"target\":{\"@type\":\"EntryPoint\",\"urlTemplate\":\"https:\/\/unrp-seine-saint-denis.fr\/section\/?s={search_term_string}\"},\"query-input\":\"required name=search_term_string\"}],\"inLanguage\":\"fr-FR\"},{\"@type\":\"Person\",\"@id\":\"https:\/\/unrp-seine-saint-denis.fr\/section\/#\/schema\/person\/77a4a54746e7c6eece2474c96338c6d0\",\"name\":\"Robert\",\"image\":{\"@type\":\"ImageObject\",\"inLanguage\":\"fr-FR\",\"@id\":\"https:\/\/unrp-seine-saint-denis.fr\/section\/#\/schema\/person\/image\/\",\"url\":\"https:\/\/secure.gravatar.com\/avatar\/c3b8872e20c5482937519cc90e54b2ddd2c3b1b8fe7ede9794daf1a9f8acc2fe?s=96&d=blank&r=g\",\"contentUrl\":\"https:\/\/secure.gravatar.com\/avatar\/c3b8872e20c5482937519cc90e54b2ddd2c3b1b8fe7ede9794daf1a9f8acc2fe?s=96&d=blank&r=g\",\"caption\":\"Robert\"},\"sameAs\":[\"http:\/\/unrp-seine-saint-denis.fr\/section\"],\"url\":\"https:\/\/unrp-seine-saint-denis.fr\/section\/author\/admin\/\"}]}<\/script>\n<!-- \/ Yoast SEO plugin. -->","yoast_head_json":{"title":"Hommage \u00e0 Avignon - Site de la Seine Saint-Denis","robots":{"index":"index","follow":"follow","max-snippet":"max-snippet:-1","max-image-preview":"max-image-preview:large","max-video-preview":"max-video-preview:-1"},"canonical":"http:\/\/unrp-seine-saint-denis.fr\/section\/2021\/05\/08\/hommage-a-avignon\/","og_locale":"fr_FR","og_type":"article","og_title":"Hommage \u00e0 Avignon - Site de la Seine Saint-Denis","og_description":"Suite au meurtre du brigadier Eric MASSON mercredi \u00e0 Avignon, une marche de soutien est organis\u00e9e le 19 mai \u00e0 Paris par les syndicats de&#46;&#46;&#46;","og_url":"http:\/\/unrp-seine-saint-denis.fr\/section\/2021\/05\/08\/hommage-a-avignon\/","og_site_name":"Site de la Seine Saint-Denis","article_published_time":"2021-05-08T15:12:08+00:00","article_modified_time":"2021-09-10T11:56:23+00:00","og_image":[{"width":500,"height":330,"url":"http:\/\/unrp-seine-saint-denis.fr\/section\/wp-content\/uploads\/2021\/05\/Eric-masson-e1631274937495.jpg","type":"image\/jpeg"}],"author":"Robert","twitter_card":"summary_large_image","twitter_misc":{"\u00c9crit par":"Robert","Dur\u00e9e de lecture estim\u00e9e":"1 minute"},"schema":{"@context":"https:\/\/schema.org","@graph":[{"@type":"WebPage","@id":"http:\/\/unrp-seine-saint-denis.fr\/section\/2021\/05\/08\/hommage-a-avignon\/","url":"http:\/\/unrp-seine-saint-denis.fr\/section\/2021\/05\/08\/hommage-a-avignon\/","name":"Hommage \u00e0 Avignon - Site de la Seine Saint-Denis","isPartOf":{"@id":"https:\/\/unrp-seine-saint-denis.fr\/section\/#website"},"primaryImageOfPage":{"@id":"http:\/\/unrp-seine-saint-denis.fr\/section\/2021\/05\/08\/hommage-a-avignon\/#primaryimage"},"image":{"@id":"http:\/\/unrp-seine-saint-denis.fr\/section\/2021\/05\/08\/hommage-a-avignon\/#primaryimage"},"thumbnailUrl":"https:\/\/unrp-seine-saint-denis.fr\/section\/wp-content\/uploads\/2021\/05\/Eric-masson-e1631274937495.jpg","datePublished":"2021-05-08T15:12:08+00:00","dateModified":"2021-09-10T11:56:23+00:00","author":{"@id":"https:\/\/unrp-seine-saint-denis.fr\/section\/#\/schema\/person\/77a4a54746e7c6eece2474c96338c6d0"},"breadcrumb":{"@id":"http:\/\/unrp-seine-saint-denis.fr\/section\/2021\/05\/08\/hommage-a-avignon\/#breadcrumb"},"inLanguage":"fr-FR","potentialAction":[{"@type":"ReadAction","target":["http:\/\/unrp-seine-saint-denis.fr\/section\/2021\/05\/08\/hommage-a-avignon\/"]}]},{"@type":"ImageObject","inLanguage":"fr-FR","@id":"http:\/\/unrp-seine-saint-denis.fr\/section\/2021\/05\/08\/hommage-a-avignon\/#primaryimage","url":"https:\/\/unrp-seine-saint-denis.fr\/section\/wp-content\/uploads\/2021\/05\/Eric-masson-e1631274937495.jpg","contentUrl":"https:\/\/unrp-seine-saint-denis.fr\/section\/wp-content\/uploads\/2021\/05\/Eric-masson-e1631274937495.jpg","width":500,"height":330},{"@type":"BreadcrumbList","@id":"http:\/\/unrp-seine-saint-denis.fr\/section\/2021\/05\/08\/hommage-a-avignon\/#breadcrumb","itemListElement":[{"@type":"ListItem","position":1,"name":"Accueil","item":"https:\/\/unrp-seine-saint-denis.fr\/section\/"},{"@type":"ListItem","position":2,"name":"Hommage \u00e0 Avignon"}]},{"@type":"WebSite","@id":"https:\/\/unrp-seine-saint-denis.fr\/section\/#website","url":"https:\/\/unrp-seine-saint-denis.fr\/section\/","name":"Site de la Seine Saint-Denis","description":"Toujours plus haut, toujours plus fort.","potentialAction":[{"@type":"SearchAction","target":{"@type":"EntryPoint","urlTemplate":"https:\/\/unrp-seine-saint-denis.fr\/section\/?s={search_term_string}"},"query-input":"required name=search_term_string"}],"inLanguage":"fr-FR"},{"@type":"Person","@id":"https:\/\/unrp-seine-saint-denis.fr\/section\/#\/schema\/person\/77a4a54746e7c6eece2474c96338c6d0","name":"Robert","image":{"@type":"ImageObject","inLanguage":"fr-FR","@id":"https:\/\/unrp-seine-saint-denis.fr\/section\/#\/schema\/person\/image\/","url":"https:\/\/secure.gravatar.com\/avatar\/c3b8872e20c5482937519cc90e54b2ddd2c3b1b8fe7ede9794daf1a9f8acc2fe?s=96&d=blank&r=g","contentUrl":"https:\/\/secure.gravatar.com\/avatar\/c3b8872e20c5482937519cc90e54b2ddd2c3b1b8fe7ede9794daf1a9f8acc2fe?s=96&d=blank&r=g","caption":"Robert"},"sameAs":["http:\/\/unrp-seine-saint-denis.fr\/section"],"url":"https:\/\/unrp-seine-saint-denis.fr\/section\/author\/admin\/"}]}},"_links":{"self":[{"href":"https:\/\/unrp-seine-saint-denis.fr\/section\/wp-json\/wp\/v2\/posts\/698","targetHints":{"allow":["GET"]}}],"collection":[{"href":"https:\/\/unrp-seine-saint-denis.fr\/section\/wp-json\/wp\/v2\/posts"}],"about":[{"href":"https:\/\/unrp-seine-saint-denis.fr\/section\/wp-json\/wp\/v2\/types\/post"}],"author":[{"embeddable":true,"href":"https:\/\/unrp-seine-saint-denis.fr\/section\/wp-json\/wp\/v2\/users\/1"}],"replies":[{"embeddable":true,"href":"https:\/\/unrp-seine-saint-denis.fr\/section\/wp-json\/wp\/v2\/comments?post=698"}],"version-history":[{"count":2,"href":"https:\/\/unrp-seine-saint-denis.fr\/section\/wp-json\/wp\/v2\/posts\/698\/revisions"}],"predecessor-version":[{"id":702,"href":"https:\/\/unrp-seine-saint-denis.fr\/section\/wp-json\/wp\/v2\/posts\/698\/revisions\/702"}],"wp:featuredmedia":[{"embeddable":true,"href":"https:\/\/unrp-seine-saint-denis.fr\/section\/wp-json\/wp\/v2\/media\/808"}],"wp:attachment":[{"href":"https:\/\/unrp-seine-saint-denis.fr\/section\/wp-json\/wp\/v2\/media?parent=698"}],"wp:term":[{"taxonomy":"category","embeddable":true,"href":"https:\/\/unrp-seine-saint-denis.fr\/section\/wp-json\/wp\/v2\/categories?post=698"},{"taxonomy":"post_tag","embeddable":true,"href":"https:\/\/unrp-seine-saint-denis.fr\/section\/wp-json\/wp\/v2\/tags?post=698"}],"curies":[{"name":"wp","href":"https:\/\/api.w.org\/{rel}","templated":true}]}}