{"id":751,"date":"2021-05-22T15:37:42","date_gmt":"2021-05-22T13:37:42","guid":{"rendered":"http:\/\/unrp-seine-saint-denis.fr\/section\/?p=751"},"modified":"2021-10-06T16:55:38","modified_gmt":"2021-10-06T14:55:38","slug":"les-policiers-en-colere","status":"publish","type":"post","link":"https:\/\/unrp-seine-saint-denis.fr\/section\/2021\/05\/22\/les-policiers-en-colere\/","title":{"rendered":"Les policiers en col\u00e8re.."},"content":{"rendered":"<p>Des milliers de policiers se sont retrouv\u00e9s devant l\u2019Assembl\u00e9e nationale, mercredi 19\u00a0mai en d\u00e9but d\u2019apr\u00e8s-midi, pour un \u00ab\u00a0rassemblement citoyen en soutien aux forces de l\u2019ordre\u00a0\u00bb in\u00e9dit, \u00e0 l\u2019appel de quatorze organisations syndicales. Selon les organisateurs, plus de 35\u00a0000\u00a0personnes \u00e9taient pr\u00e9sentes. La Pr\u00e9fecture de police de Paris n\u2019a pas souhait\u00e9 communiquer le chiffre de la participation.<\/p>\n<p>Devant une large banderole portant l\u2019inscription \u00ab\u00a0pay\u00e9s pour servir, pas pour mourir\u00a0\u00bb, les manifestants, arborant pour la plupart les couleurs des organisations majoritaires Unit\u00e9 SGP Police-FO, Alliance et UNSA-Police, ont investi une portion du quai d\u2019Orsay, entre le pont de la Concorde et le pont Alexandre-III.<\/p>\n<p><em>\u00a0<\/em>\u00ab\u00a0Les peines minimales pour les agresseurs, voil\u00e0 le message fort et clair que nous attendons, a d\u00e9clar\u00e9 le secr\u00e9taire g\u00e9n\u00e9ral d\u00e9l\u00e9gu\u00e9 d\u2019Unit\u00e9 SGP Police-FO et premier syndicaliste \u00e0 prendre la parole lors de la manifestation. Cette mesure n\u2019est pas liberticide, ni anticonstitutionnelle, ni naus\u00e9abonde<em>.\u00a0\u00bb<\/em><\/p>\n<p>\u00ab\u00a0Le probl\u00e8me de la police, c\u2019est la justice\u00a0\u00bb, a ensuite ass\u00e9n\u00e9 \u00e0 la tribune le repr\u00e9sentant le secr\u00e9taire national du syndicat Alliance, apr\u00e8s avoir fait huer par les manifestants quatre d\u00e9cisions de justice \u2013 consid\u00e9r\u00e9es comme trop laxistes \u2013 prononc\u00e9es dans des affaires au cours desquelles des policiers ont \u00e9t\u00e9 bless\u00e9s.<\/p>\n<p><strong>Voir la vid\u00e9o :<\/strong>\u00a0 <a href=\"https:\/\/youtu.be\/FikziR2EB1g\">https:\/\/youtu.be\/FikziR2EB1g<\/a><\/p>\n<p>Source : internet<\/p>\n<p>&nbsp;<\/p>\n<p>&nbsp;<\/p>\n","protected":false},"excerpt":{"rendered":"<p>Des milliers de policiers se sont retrouv\u00e9s devant l\u2019Assembl\u00e9e nationale, mercredi 19\u00a0mai en d\u00e9but d\u2019apr\u00e8s-midi, pour un \u00ab\u00a0rassemblement citoyen en soutien aux forces de l\u2019ordre\u00a0\u00bb&#46;&#46;&#46;<\/p>\n","protected":false},"author":1,"featured_media":802,"comment_status":"closed","ping_status":"open","sticky":false,"template":"","format":"standard","meta":{"footnotes":""},"categories":[2],"tags":[],"class_list":["post-751","post","type-post","status-publish","format-standard","has-post-thumbnail","hentry","category-annonces"],"yoast_head":"<!-- This site is optimized with the Yoast SEO plugin v22.9 - https:\/\/yoast.com\/wordpress\/plugins\/seo\/ -->\n<title>Les policiers en col\u00e8re.. - Site de la Seine Saint-Denis<\/title>\n<meta name=\"robots\" content=\"index, follow, max-snippet:-1, max-image-preview:large, max-video-preview:-1\" \/>\n<link rel=\"canonical\" href=\"https:\/\/unrp-seine-saint-denis.fr\/section\/2021\/05\/22\/les-policiers-en-colere\/\" \/>\n<meta property=\"og:locale\" content=\"fr_FR\" \/>\n<meta property=\"og:type\" content=\"article\" \/>\n<meta property=\"og:title\" content=\"Les policiers en col\u00e8re.. - Site de la Seine Saint-Denis\" \/>\n<meta property=\"og:description\" content=\"Des milliers de policiers se sont retrouv\u00e9s devant l\u2019Assembl\u00e9e nationale, mercredi 19\u00a0mai en d\u00e9but d\u2019apr\u00e8s-midi, pour un \u00ab\u00a0rassemblement citoyen en soutien aux forces de l\u2019ordre\u00a0\u00bb&#046;&#046;&#046;\" \/>\n<meta property=\"og:url\" content=\"https:\/\/unrp-seine-saint-denis.fr\/section\/2021\/05\/22\/les-policiers-en-colere\/\" \/>\n<meta property=\"og:site_name\" content=\"Site de la Seine Saint-Denis\" \/>\n<meta property=\"article:published_time\" content=\"2021-05-22T13:37:42+00:00\" \/>\n<meta property=\"article:modified_time\" content=\"2021-10-06T14:55:38+00:00\" \/>\n<meta property=\"og:image\" content=\"https:\/\/unrp-seine-saint-denis.fr\/section\/wp-content\/uploads\/2021\/05\/policiers-en-colere.jpg\" \/>\n\t<meta property=\"og:image:width\" content=\"1000\" \/>\n\t<meta property=\"og:image:height\" content=\"660\" \/>\n\t<meta property=\"og:image:type\" content=\"image\/jpeg\" \/>\n<meta name=\"author\" content=\"Robert\" \/>\n<meta name=\"twitter:card\" content=\"summary_large_image\" \/>\n<meta name=\"twitter:label1\" content=\"\u00c9crit par\" \/>\n\t<meta name=\"twitter:data1\" content=\"Robert\" \/>\n\t<meta name=\"twitter:label2\" content=\"Dur\u00e9e de lecture estim\u00e9e\" \/>\n\t<meta name=\"twitter:data2\" content=\"1 minute\" \/>\n<script type=\"application\/ld+json\" class=\"yoast-schema-graph\">{\"@context\":\"https:\/\/schema.org\",\"@graph\":[{\"@type\":\"WebPage\",\"@id\":\"https:\/\/unrp-seine-saint-denis.fr\/section\/2021\/05\/22\/les-policiers-en-colere\/\",\"url\":\"https:\/\/unrp-seine-saint-denis.fr\/section\/2021\/05\/22\/les-policiers-en-colere\/\",\"name\":\"Les policiers en col\u00e8re.. - Site de la Seine Saint-Denis\",\"isPartOf\":{\"@id\":\"https:\/\/unrp-seine-saint-denis.fr\/section\/#website\"},\"primaryImageOfPage\":{\"@id\":\"https:\/\/unrp-seine-saint-denis.fr\/section\/2021\/05\/22\/les-policiers-en-colere\/#primaryimage\"},\"image\":{\"@id\":\"https:\/\/unrp-seine-saint-denis.fr\/section\/2021\/05\/22\/les-policiers-en-colere\/#primaryimage\"},\"thumbnailUrl\":\"https:\/\/unrp-seine-saint-denis.fr\/section\/wp-content\/uploads\/2021\/05\/policiers-en-colere.jpg\",\"datePublished\":\"2021-05-22T13:37:42+00:00\",\"dateModified\":\"2021-10-06T14:55:38+00:00\",\"author\":{\"@id\":\"https:\/\/unrp-seine-saint-denis.fr\/section\/#\/schema\/person\/77a4a54746e7c6eece2474c96338c6d0\"},\"breadcrumb\":{\"@id\":\"https:\/\/unrp-seine-saint-denis.fr\/section\/2021\/05\/22\/les-policiers-en-colere\/#breadcrumb\"},\"inLanguage\":\"fr-FR\",\"potentialAction\":[{\"@type\":\"ReadAction\",\"target\":[\"https:\/\/unrp-seine-saint-denis.fr\/section\/2021\/05\/22\/les-policiers-en-colere\/\"]}]},{\"@type\":\"ImageObject\",\"inLanguage\":\"fr-FR\",\"@id\":\"https:\/\/unrp-seine-saint-denis.fr\/section\/2021\/05\/22\/les-policiers-en-colere\/#primaryimage\",\"url\":\"https:\/\/unrp-seine-saint-denis.fr\/section\/wp-content\/uploads\/2021\/05\/policiers-en-colere.jpg\",\"contentUrl\":\"https:\/\/unrp-seine-saint-denis.fr\/section\/wp-content\/uploads\/2021\/05\/policiers-en-colere.jpg\",\"width\":1000,\"height\":660},{\"@type\":\"BreadcrumbList\",\"@id\":\"https:\/\/unrp-seine-saint-denis.fr\/section\/2021\/05\/22\/les-policiers-en-colere\/#breadcrumb\",\"itemListElement\":[{\"@type\":\"ListItem\",\"position\":1,\"name\":\"Accueil\",\"item\":\"https:\/\/unrp-seine-saint-denis.fr\/section\/\"},{\"@type\":\"ListItem\",\"position\":2,\"name\":\"Les policiers en col\u00e8re..\"}]},{\"@type\":\"WebSite\",\"@id\":\"https:\/\/unrp-seine-saint-denis.fr\/section\/#website\",\"url\":\"https:\/\/unrp-seine-saint-denis.fr\/section\/\",\"name\":\"Site de la Seine Saint-Denis\",\"description\":\"Toujours plus haut, toujours plus fort.\",\"potentialAction\":[{\"@type\":\"SearchAction\",\"target\":{\"@type\":\"EntryPoint\",\"urlTemplate\":\"https:\/\/unrp-seine-saint-denis.fr\/section\/?s={search_term_string}\"},\"query-input\":\"required name=search_term_string\"}],\"inLanguage\":\"fr-FR\"},{\"@type\":\"Person\",\"@id\":\"https:\/\/unrp-seine-saint-denis.fr\/section\/#\/schema\/person\/77a4a54746e7c6eece2474c96338c6d0\",\"name\":\"Robert\",\"image\":{\"@type\":\"ImageObject\",\"inLanguage\":\"fr-FR\",\"@id\":\"https:\/\/unrp-seine-saint-denis.fr\/section\/#\/schema\/person\/image\/\",\"url\":\"https:\/\/secure.gravatar.com\/avatar\/c3b8872e20c5482937519cc90e54b2ddd2c3b1b8fe7ede9794daf1a9f8acc2fe?s=96&d=blank&r=g\",\"contentUrl\":\"https:\/\/secure.gravatar.com\/avatar\/c3b8872e20c5482937519cc90e54b2ddd2c3b1b8fe7ede9794daf1a9f8acc2fe?s=96&d=blank&r=g\",\"caption\":\"Robert\"},\"sameAs\":[\"http:\/\/unrp-seine-saint-denis.fr\/section\"],\"url\":\"https:\/\/unrp-seine-saint-denis.fr\/section\/author\/admin\/\"}]}<\/script>\n<!-- \/ Yoast SEO plugin. -->","yoast_head_json":{"title":"Les policiers en col\u00e8re.. - Site de la Seine Saint-Denis","robots":{"index":"index","follow":"follow","max-snippet":"max-snippet:-1","max-image-preview":"max-image-preview:large","max-video-preview":"max-video-preview:-1"},"canonical":"https:\/\/unrp-seine-saint-denis.fr\/section\/2021\/05\/22\/les-policiers-en-colere\/","og_locale":"fr_FR","og_type":"article","og_title":"Les policiers en col\u00e8re.. - Site de la Seine Saint-Denis","og_description":"Des milliers de policiers se sont retrouv\u00e9s devant l\u2019Assembl\u00e9e nationale, mercredi 19\u00a0mai en d\u00e9but d\u2019apr\u00e8s-midi, pour un \u00ab\u00a0rassemblement citoyen en soutien aux forces de l\u2019ordre\u00a0\u00bb&#46;&#46;&#46;","og_url":"https:\/\/unrp-seine-saint-denis.fr\/section\/2021\/05\/22\/les-policiers-en-colere\/","og_site_name":"Site de la Seine Saint-Denis","article_published_time":"2021-05-22T13:37:42+00:00","article_modified_time":"2021-10-06T14:55:38+00:00","og_image":[{"width":1000,"height":660,"url":"https:\/\/unrp-seine-saint-denis.fr\/section\/wp-content\/uploads\/2021\/05\/policiers-en-colere.jpg","type":"image\/jpeg"}],"author":"Robert","twitter_card":"summary_large_image","twitter_misc":{"\u00c9crit par":"Robert","Dur\u00e9e de lecture estim\u00e9e":"1 minute"},"schema":{"@context":"https:\/\/schema.org","@graph":[{"@type":"WebPage","@id":"https:\/\/unrp-seine-saint-denis.fr\/section\/2021\/05\/22\/les-policiers-en-colere\/","url":"https:\/\/unrp-seine-saint-denis.fr\/section\/2021\/05\/22\/les-policiers-en-colere\/","name":"Les policiers en col\u00e8re.. - Site de la Seine Saint-Denis","isPartOf":{"@id":"https:\/\/unrp-seine-saint-denis.fr\/section\/#website"},"primaryImageOfPage":{"@id":"https:\/\/unrp-seine-saint-denis.fr\/section\/2021\/05\/22\/les-policiers-en-colere\/#primaryimage"},"image":{"@id":"https:\/\/unrp-seine-saint-denis.fr\/section\/2021\/05\/22\/les-policiers-en-colere\/#primaryimage"},"thumbnailUrl":"https:\/\/unrp-seine-saint-denis.fr\/section\/wp-content\/uploads\/2021\/05\/policiers-en-colere.jpg","datePublished":"2021-05-22T13:37:42+00:00","dateModified":"2021-10-06T14:55:38+00:00","author":{"@id":"https:\/\/unrp-seine-saint-denis.fr\/section\/#\/schema\/person\/77a4a54746e7c6eece2474c96338c6d0"},"breadcrumb":{"@id":"https:\/\/unrp-seine-saint-denis.fr\/section\/2021\/05\/22\/les-policiers-en-colere\/#breadcrumb"},"inLanguage":"fr-FR","potentialAction":[{"@type":"ReadAction","target":["https:\/\/unrp-seine-saint-denis.fr\/section\/2021\/05\/22\/les-policiers-en-colere\/"]}]},{"@type":"ImageObject","inLanguage":"fr-FR","@id":"https:\/\/unrp-seine-saint-denis.fr\/section\/2021\/05\/22\/les-policiers-en-colere\/#primaryimage","url":"https:\/\/unrp-seine-saint-denis.fr\/section\/wp-content\/uploads\/2021\/05\/policiers-en-colere.jpg","contentUrl":"https:\/\/unrp-seine-saint-denis.fr\/section\/wp-content\/uploads\/2021\/05\/policiers-en-colere.jpg","width":1000,"height":660},{"@type":"BreadcrumbList","@id":"https:\/\/unrp-seine-saint-denis.fr\/section\/2021\/05\/22\/les-policiers-en-colere\/#breadcrumb","itemListElement":[{"@type":"ListItem","position":1,"name":"Accueil","item":"https:\/\/unrp-seine-saint-denis.fr\/section\/"},{"@type":"ListItem","position":2,"name":"Les policiers en col\u00e8re.."}]},{"@type":"WebSite","@id":"https:\/\/unrp-seine-saint-denis.fr\/section\/#website","url":"https:\/\/unrp-seine-saint-denis.fr\/section\/","name":"Site de la Seine Saint-Denis","description":"Toujours plus haut, toujours plus fort.","potentialAction":[{"@type":"SearchAction","target":{"@type":"EntryPoint","urlTemplate":"https:\/\/unrp-seine-saint-denis.fr\/section\/?s={search_term_string}"},"query-input":"required name=search_term_string"}],"inLanguage":"fr-FR"},{"@type":"Person","@id":"https:\/\/unrp-seine-saint-denis.fr\/section\/#\/schema\/person\/77a4a54746e7c6eece2474c96338c6d0","name":"Robert","image":{"@type":"ImageObject","inLanguage":"fr-FR","@id":"https:\/\/unrp-seine-saint-denis.fr\/section\/#\/schema\/person\/image\/","url":"https:\/\/secure.gravatar.com\/avatar\/c3b8872e20c5482937519cc90e54b2ddd2c3b1b8fe7ede9794daf1a9f8acc2fe?s=96&d=blank&r=g","contentUrl":"https:\/\/secure.gravatar.com\/avatar\/c3b8872e20c5482937519cc90e54b2ddd2c3b1b8fe7ede9794daf1a9f8acc2fe?s=96&d=blank&r=g","caption":"Robert"},"sameAs":["http:\/\/unrp-seine-saint-denis.fr\/section"],"url":"https:\/\/unrp-seine-saint-denis.fr\/section\/author\/admin\/"}]}},"_links":{"self":[{"href":"https:\/\/unrp-seine-saint-denis.fr\/section\/wp-json\/wp\/v2\/posts\/751","targetHints":{"allow":["GET"]}}],"collection":[{"href":"https:\/\/unrp-seine-saint-denis.fr\/section\/wp-json\/wp\/v2\/posts"}],"about":[{"href":"https:\/\/unrp-seine-saint-denis.fr\/section\/wp-json\/wp\/v2\/types\/post"}],"author":[{"embeddable":true,"href":"https:\/\/unrp-seine-saint-denis.fr\/section\/wp-json\/wp\/v2\/users\/1"}],"replies":[{"embeddable":true,"href":"https:\/\/unrp-seine-saint-denis.fr\/section\/wp-json\/wp\/v2\/comments?post=751"}],"version-history":[{"count":8,"href":"https:\/\/unrp-seine-saint-denis.fr\/section\/wp-json\/wp\/v2\/posts\/751\/revisions"}],"predecessor-version":[{"id":835,"href":"https:\/\/unrp-seine-saint-denis.fr\/section\/wp-json\/wp\/v2\/posts\/751\/revisions\/835"}],"wp:featuredmedia":[{"embeddable":true,"href":"https:\/\/unrp-seine-saint-denis.fr\/section\/wp-json\/wp\/v2\/media\/802"}],"wp:attachment":[{"href":"https:\/\/unrp-seine-saint-denis.fr\/section\/wp-json\/wp\/v2\/media?parent=751"}],"wp:term":[{"taxonomy":"category","embeddable":true,"href":"https:\/\/unrp-seine-saint-denis.fr\/section\/wp-json\/wp\/v2\/categories?post=751"},{"taxonomy":"post_tag","embeddable":true,"href":"https:\/\/unrp-seine-saint-denis.fr\/section\/wp-json\/wp\/v2\/tags?post=751"}],"curies":[{"name":"wp","href":"https:\/\/api.w.org\/{rel}","templated":true}]}}