{"id":764,"date":"2021-06-16T09:45:27","date_gmt":"2021-06-16T07:45:27","guid":{"rendered":"http:\/\/unrp-seine-saint-denis.fr\/section\/?p=764"},"modified":"2021-09-09T18:15:20","modified_gmt":"2021-09-09T16:15:20","slug":"journee-nationale-de-la-resistance","status":"publish","type":"post","link":"https:\/\/unrp-seine-saint-denis.fr\/section\/2021\/06\/16\/journee-nationale-de-la-resistance\/","title":{"rendered":"Journ\u00e9e nationale de la R\u00e9sistance"},"content":{"rendered":"<p>A l\u2019initiative des associations locales attach\u00e9es aux valeurs de la R\u00e9sistance, \u00e0 partager, un hommage s\u2019est tenu cit\u00e9 de la R\u00e9sistance quartier de l\u2019AVENIR. 3 drapeaux dont celui des retrait\u00e9s de la Police<\/p>\n<p>5 bouquets ont \u00a0\u00e9t\u00e9 d\u00e9pos\u00e9s par 10 repr\u00e9sentants des associations et personnalit\u00e9s locales associatives syndicales et politiques<\/p>\n<p>Deux discours rappelant le pourquoi de la \u00a0cr\u00e9ation du CNR et \u00a0l\u2019importance dans nos vies encore aujourd&rsquo;hui alors que le fascisme rel\u00e8ve la t\u00eate et peut acc\u00e9der au pouvoir.80 ans apr\u00e8s un sursaut d\u00e9mocratique est salutaire<\/p>\n<p>Madame le Maire a d\u00e9pos\u00e9 une gerbe<\/p>\n<p>L\u2019apr\u00e8s-midi une d\u00e9l\u00e9gation dont deux porte-drapeaux ont particip\u00e9s \u00e0 l\u2019initiative sur le parvis de la Pr\u00e9fecture bien d\u00e9serte<\/p>\n<p>Les progressistes de \u00a0notre pays ont une responsabilit\u00e9 immense pour endiguer la mont\u00e9e des id\u00e9es x\u00e9nophobes et racistes destructrices.<\/p>\n<p>Et promouvoir le progr\u00e8s social, la souverainet\u00e9, la coop\u00e9ration \u00a0et la paix.<\/p>\n<p>Mich\u00e8le DEBAILLY<\/p>\n<p>Pr\u00e9sident de l\u2019ARAC<\/p>\n<p>Secr\u00e9taire de l\u2019UFAC<\/p>\n<p>&nbsp;<\/p>\n","protected":false},"excerpt":{"rendered":"<p>A l\u2019initiative des associations locales attach\u00e9es aux valeurs de la R\u00e9sistance, \u00e0 partager, un hommage s\u2019est tenu cit\u00e9 de la R\u00e9sistance quartier de l\u2019AVENIR. 3&#46;&#46;&#46;<\/p>\n","protected":false},"author":1,"featured_media":805,"comment_status":"closed","ping_status":"open","sticky":false,"template":"","format":"standard","meta":{"footnotes":""},"categories":[2],"tags":[],"class_list":["post-764","post","type-post","status-publish","format-standard","has-post-thumbnail","hentry","category-annonces"],"yoast_head":"<!-- This site is optimized with the Yoast SEO plugin v22.9 - https:\/\/yoast.com\/wordpress\/plugins\/seo\/ -->\n<title>Journ\u00e9e nationale de la R\u00e9sistance - Site de la Seine Saint-Denis<\/title>\n<meta name=\"robots\" content=\"index, follow, max-snippet:-1, max-image-preview:large, max-video-preview:-1\" \/>\n<link rel=\"canonical\" href=\"http:\/\/unrp-seine-saint-denis.fr\/section\/2021\/06\/16\/journee-nationale-de-la-resistance\/\" \/>\n<meta property=\"og:locale\" content=\"fr_FR\" \/>\n<meta property=\"og:type\" content=\"article\" \/>\n<meta property=\"og:title\" content=\"Journ\u00e9e nationale de la R\u00e9sistance - Site de la Seine Saint-Denis\" \/>\n<meta property=\"og:description\" content=\"A l\u2019initiative des associations locales attach\u00e9es aux valeurs de la R\u00e9sistance, \u00e0 partager, un hommage s\u2019est tenu cit\u00e9 de la R\u00e9sistance quartier de l\u2019AVENIR. 3&#046;&#046;&#046;\" \/>\n<meta property=\"og:url\" content=\"http:\/\/unrp-seine-saint-denis.fr\/section\/2021\/06\/16\/journee-nationale-de-la-resistance\/\" \/>\n<meta property=\"og:site_name\" content=\"Site de la Seine Saint-Denis\" \/>\n<meta property=\"article:published_time\" content=\"2021-06-16T07:45:27+00:00\" \/>\n<meta property=\"article:modified_time\" content=\"2021-09-09T16:15:20+00:00\" \/>\n<meta property=\"og:image\" content=\"http:\/\/unrp-seine-saint-denis.fr\/section\/wp-content\/uploads\/2021\/06\/Drancy-27-05-2021-e1633532935872.jpg\" \/>\n\t<meta property=\"og:image:width\" content=\"392\" \/>\n\t<meta property=\"og:image:height\" content=\"256\" \/>\n\t<meta property=\"og:image:type\" content=\"image\/jpeg\" \/>\n<meta name=\"author\" content=\"Robert\" \/>\n<meta name=\"twitter:card\" content=\"summary_large_image\" \/>\n<meta name=\"twitter:label1\" content=\"\u00c9crit par\" \/>\n\t<meta name=\"twitter:data1\" content=\"Robert\" \/>\n\t<meta name=\"twitter:label2\" content=\"Dur\u00e9e de lecture estim\u00e9e\" \/>\n\t<meta name=\"twitter:data2\" content=\"1 minute\" \/>\n<script type=\"application\/ld+json\" class=\"yoast-schema-graph\">{\"@context\":\"https:\/\/schema.org\",\"@graph\":[{\"@type\":\"WebPage\",\"@id\":\"http:\/\/unrp-seine-saint-denis.fr\/section\/2021\/06\/16\/journee-nationale-de-la-resistance\/\",\"url\":\"http:\/\/unrp-seine-saint-denis.fr\/section\/2021\/06\/16\/journee-nationale-de-la-resistance\/\",\"name\":\"Journ\u00e9e nationale de la R\u00e9sistance - Site de la Seine Saint-Denis\",\"isPartOf\":{\"@id\":\"https:\/\/unrp-seine-saint-denis.fr\/section\/#website\"},\"primaryImageOfPage\":{\"@id\":\"http:\/\/unrp-seine-saint-denis.fr\/section\/2021\/06\/16\/journee-nationale-de-la-resistance\/#primaryimage\"},\"image\":{\"@id\":\"http:\/\/unrp-seine-saint-denis.fr\/section\/2021\/06\/16\/journee-nationale-de-la-resistance\/#primaryimage\"},\"thumbnailUrl\":\"https:\/\/unrp-seine-saint-denis.fr\/section\/wp-content\/uploads\/2021\/06\/Drancy-27-05-2021-e1633532935872.jpg\",\"datePublished\":\"2021-06-16T07:45:27+00:00\",\"dateModified\":\"2021-09-09T16:15:20+00:00\",\"author\":{\"@id\":\"https:\/\/unrp-seine-saint-denis.fr\/section\/#\/schema\/person\/77a4a54746e7c6eece2474c96338c6d0\"},\"breadcrumb\":{\"@id\":\"http:\/\/unrp-seine-saint-denis.fr\/section\/2021\/06\/16\/journee-nationale-de-la-resistance\/#breadcrumb\"},\"inLanguage\":\"fr-FR\",\"potentialAction\":[{\"@type\":\"ReadAction\",\"target\":[\"http:\/\/unrp-seine-saint-denis.fr\/section\/2021\/06\/16\/journee-nationale-de-la-resistance\/\"]}]},{\"@type\":\"ImageObject\",\"inLanguage\":\"fr-FR\",\"@id\":\"http:\/\/unrp-seine-saint-denis.fr\/section\/2021\/06\/16\/journee-nationale-de-la-resistance\/#primaryimage\",\"url\":\"https:\/\/unrp-seine-saint-denis.fr\/section\/wp-content\/uploads\/2021\/06\/Drancy-27-05-2021-e1633532935872.jpg\",\"contentUrl\":\"https:\/\/unrp-seine-saint-denis.fr\/section\/wp-content\/uploads\/2021\/06\/Drancy-27-05-2021-e1633532935872.jpg\",\"width\":392,\"height\":256},{\"@type\":\"BreadcrumbList\",\"@id\":\"http:\/\/unrp-seine-saint-denis.fr\/section\/2021\/06\/16\/journee-nationale-de-la-resistance\/#breadcrumb\",\"itemListElement\":[{\"@type\":\"ListItem\",\"position\":1,\"name\":\"Accueil\",\"item\":\"https:\/\/unrp-seine-saint-denis.fr\/section\/\"},{\"@type\":\"ListItem\",\"position\":2,\"name\":\"Journ\u00e9e nationale de la R\u00e9sistance\"}]},{\"@type\":\"WebSite\",\"@id\":\"https:\/\/unrp-seine-saint-denis.fr\/section\/#website\",\"url\":\"https:\/\/unrp-seine-saint-denis.fr\/section\/\",\"name\":\"Site de la Seine Saint-Denis\",\"description\":\"Toujours plus haut, toujours plus fort.\",\"potentialAction\":[{\"@type\":\"SearchAction\",\"target\":{\"@type\":\"EntryPoint\",\"urlTemplate\":\"https:\/\/unrp-seine-saint-denis.fr\/section\/?s={search_term_string}\"},\"query-input\":\"required name=search_term_string\"}],\"inLanguage\":\"fr-FR\"},{\"@type\":\"Person\",\"@id\":\"https:\/\/unrp-seine-saint-denis.fr\/section\/#\/schema\/person\/77a4a54746e7c6eece2474c96338c6d0\",\"name\":\"Robert\",\"image\":{\"@type\":\"ImageObject\",\"inLanguage\":\"fr-FR\",\"@id\":\"https:\/\/unrp-seine-saint-denis.fr\/section\/#\/schema\/person\/image\/\",\"url\":\"https:\/\/secure.gravatar.com\/avatar\/c3b8872e20c5482937519cc90e54b2ddd2c3b1b8fe7ede9794daf1a9f8acc2fe?s=96&d=blank&r=g\",\"contentUrl\":\"https:\/\/secure.gravatar.com\/avatar\/c3b8872e20c5482937519cc90e54b2ddd2c3b1b8fe7ede9794daf1a9f8acc2fe?s=96&d=blank&r=g\",\"caption\":\"Robert\"},\"sameAs\":[\"http:\/\/unrp-seine-saint-denis.fr\/section\"],\"url\":\"https:\/\/unrp-seine-saint-denis.fr\/section\/author\/admin\/\"}]}<\/script>\n<!-- \/ Yoast SEO plugin. -->","yoast_head_json":{"title":"Journ\u00e9e nationale de la R\u00e9sistance - Site de la Seine Saint-Denis","robots":{"index":"index","follow":"follow","max-snippet":"max-snippet:-1","max-image-preview":"max-image-preview:large","max-video-preview":"max-video-preview:-1"},"canonical":"http:\/\/unrp-seine-saint-denis.fr\/section\/2021\/06\/16\/journee-nationale-de-la-resistance\/","og_locale":"fr_FR","og_type":"article","og_title":"Journ\u00e9e nationale de la R\u00e9sistance - Site de la Seine Saint-Denis","og_description":"A l\u2019initiative des associations locales attach\u00e9es aux valeurs de la R\u00e9sistance, \u00e0 partager, un hommage s\u2019est tenu cit\u00e9 de la R\u00e9sistance quartier de l\u2019AVENIR. 3&#46;&#46;&#46;","og_url":"http:\/\/unrp-seine-saint-denis.fr\/section\/2021\/06\/16\/journee-nationale-de-la-resistance\/","og_site_name":"Site de la Seine Saint-Denis","article_published_time":"2021-06-16T07:45:27+00:00","article_modified_time":"2021-09-09T16:15:20+00:00","og_image":[{"width":392,"height":256,"url":"http:\/\/unrp-seine-saint-denis.fr\/section\/wp-content\/uploads\/2021\/06\/Drancy-27-05-2021-e1633532935872.jpg","type":"image\/jpeg"}],"author":"Robert","twitter_card":"summary_large_image","twitter_misc":{"\u00c9crit par":"Robert","Dur\u00e9e de lecture estim\u00e9e":"1 minute"},"schema":{"@context":"https:\/\/schema.org","@graph":[{"@type":"WebPage","@id":"http:\/\/unrp-seine-saint-denis.fr\/section\/2021\/06\/16\/journee-nationale-de-la-resistance\/","url":"http:\/\/unrp-seine-saint-denis.fr\/section\/2021\/06\/16\/journee-nationale-de-la-resistance\/","name":"Journ\u00e9e nationale de la R\u00e9sistance - Site de la Seine Saint-Denis","isPartOf":{"@id":"https:\/\/unrp-seine-saint-denis.fr\/section\/#website"},"primaryImageOfPage":{"@id":"http:\/\/unrp-seine-saint-denis.fr\/section\/2021\/06\/16\/journee-nationale-de-la-resistance\/#primaryimage"},"image":{"@id":"http:\/\/unrp-seine-saint-denis.fr\/section\/2021\/06\/16\/journee-nationale-de-la-resistance\/#primaryimage"},"thumbnailUrl":"https:\/\/unrp-seine-saint-denis.fr\/section\/wp-content\/uploads\/2021\/06\/Drancy-27-05-2021-e1633532935872.jpg","datePublished":"2021-06-16T07:45:27+00:00","dateModified":"2021-09-09T16:15:20+00:00","author":{"@id":"https:\/\/unrp-seine-saint-denis.fr\/section\/#\/schema\/person\/77a4a54746e7c6eece2474c96338c6d0"},"breadcrumb":{"@id":"http:\/\/unrp-seine-saint-denis.fr\/section\/2021\/06\/16\/journee-nationale-de-la-resistance\/#breadcrumb"},"inLanguage":"fr-FR","potentialAction":[{"@type":"ReadAction","target":["http:\/\/unrp-seine-saint-denis.fr\/section\/2021\/06\/16\/journee-nationale-de-la-resistance\/"]}]},{"@type":"ImageObject","inLanguage":"fr-FR","@id":"http:\/\/unrp-seine-saint-denis.fr\/section\/2021\/06\/16\/journee-nationale-de-la-resistance\/#primaryimage","url":"https:\/\/unrp-seine-saint-denis.fr\/section\/wp-content\/uploads\/2021\/06\/Drancy-27-05-2021-e1633532935872.jpg","contentUrl":"https:\/\/unrp-seine-saint-denis.fr\/section\/wp-content\/uploads\/2021\/06\/Drancy-27-05-2021-e1633532935872.jpg","width":392,"height":256},{"@type":"BreadcrumbList","@id":"http:\/\/unrp-seine-saint-denis.fr\/section\/2021\/06\/16\/journee-nationale-de-la-resistance\/#breadcrumb","itemListElement":[{"@type":"ListItem","position":1,"name":"Accueil","item":"https:\/\/unrp-seine-saint-denis.fr\/section\/"},{"@type":"ListItem","position":2,"name":"Journ\u00e9e nationale de la R\u00e9sistance"}]},{"@type":"WebSite","@id":"https:\/\/unrp-seine-saint-denis.fr\/section\/#website","url":"https:\/\/unrp-seine-saint-denis.fr\/section\/","name":"Site de la Seine Saint-Denis","description":"Toujours plus haut, toujours plus fort.","potentialAction":[{"@type":"SearchAction","target":{"@type":"EntryPoint","urlTemplate":"https:\/\/unrp-seine-saint-denis.fr\/section\/?s={search_term_string}"},"query-input":"required name=search_term_string"}],"inLanguage":"fr-FR"},{"@type":"Person","@id":"https:\/\/unrp-seine-saint-denis.fr\/section\/#\/schema\/person\/77a4a54746e7c6eece2474c96338c6d0","name":"Robert","image":{"@type":"ImageObject","inLanguage":"fr-FR","@id":"https:\/\/unrp-seine-saint-denis.fr\/section\/#\/schema\/person\/image\/","url":"https:\/\/secure.gravatar.com\/avatar\/c3b8872e20c5482937519cc90e54b2ddd2c3b1b8fe7ede9794daf1a9f8acc2fe?s=96&d=blank&r=g","contentUrl":"https:\/\/secure.gravatar.com\/avatar\/c3b8872e20c5482937519cc90e54b2ddd2c3b1b8fe7ede9794daf1a9f8acc2fe?s=96&d=blank&r=g","caption":"Robert"},"sameAs":["http:\/\/unrp-seine-saint-denis.fr\/section"],"url":"https:\/\/unrp-seine-saint-denis.fr\/section\/author\/admin\/"}]}},"_links":{"self":[{"href":"https:\/\/unrp-seine-saint-denis.fr\/section\/wp-json\/wp\/v2\/posts\/764","targetHints":{"allow":["GET"]}}],"collection":[{"href":"https:\/\/unrp-seine-saint-denis.fr\/section\/wp-json\/wp\/v2\/posts"}],"about":[{"href":"https:\/\/unrp-seine-saint-denis.fr\/section\/wp-json\/wp\/v2\/types\/post"}],"author":[{"embeddable":true,"href":"https:\/\/unrp-seine-saint-denis.fr\/section\/wp-json\/wp\/v2\/users\/1"}],"replies":[{"embeddable":true,"href":"https:\/\/unrp-seine-saint-denis.fr\/section\/wp-json\/wp\/v2\/comments?post=764"}],"version-history":[{"count":9,"href":"https:\/\/unrp-seine-saint-denis.fr\/section\/wp-json\/wp\/v2\/posts\/764\/revisions"}],"predecessor-version":[{"id":806,"href":"https:\/\/unrp-seine-saint-denis.fr\/section\/wp-json\/wp\/v2\/posts\/764\/revisions\/806"}],"wp:featuredmedia":[{"embeddable":true,"href":"https:\/\/unrp-seine-saint-denis.fr\/section\/wp-json\/wp\/v2\/media\/805"}],"wp:attachment":[{"href":"https:\/\/unrp-seine-saint-denis.fr\/section\/wp-json\/wp\/v2\/media?parent=764"}],"wp:term":[{"taxonomy":"category","embeddable":true,"href":"https:\/\/unrp-seine-saint-denis.fr\/section\/wp-json\/wp\/v2\/categories?post=764"},{"taxonomy":"post_tag","embeddable":true,"href":"https:\/\/unrp-seine-saint-denis.fr\/section\/wp-json\/wp\/v2\/tags?post=764"}],"curies":[{"name":"wp","href":"https:\/\/api.w.org\/{rel}","templated":true}]}}