{"id":820,"date":"2021-09-29T10:42:39","date_gmt":"2021-09-29T08:42:39","guid":{"rendered":"http:\/\/unrp-seine-saint-denis.fr\/section\/?p=820"},"modified":"2021-10-03T15:13:27","modified_gmt":"2021-10-03T13:13:27","slug":"la-mort-de-maxime-blasko","status":"publish","type":"post","link":"https:\/\/unrp-seine-saint-denis.fr\/section\/2021\/09\/29\/la-mort-de-maxime-blasko\/","title":{"rendered":"La mort de Maxime Blasko"},"content":{"rendered":"<p style=\"text-align: center;\"><strong>Par\u00a0le Colonel\u00a0Michel Goya<\/strong><\/p>\n<p>Nous sommes dans la nuit du 14\u00a0juin 2019 au Mali. Ils sont trois dans l\u2019h\u00e9licopt\u00e8re Gazelle, Kevin et Adrien dans le cockpit et Maxime, le tireur d\u2019\u00e9lite, \u00e0 l\u2019arri\u00e8re les pieds sur les patins. Tous les trois sont engag\u00e9s dans un combat qui a d\u00e9j\u00e0 commenc\u00e9 depuis plusieurs heures contre une quarantaine de combattants djihadistes. Cela se passe mal. D\u00e8s son arriv\u00e9e dans la zone, l\u2019h\u00e9licopt\u00e8re est accroch\u00e9, perc\u00e9 et chute. Le crash est tr\u00e8s rude et tous se retrouvent bris\u00e9s \u00e0 l\u2019int\u00e9rieur alors qu\u2019un incendie menace de tout faire exploser. N\u2019\u00e9coutant que son courage, qui lui disait beaucoup, Paco, le chef de bord de l\u2019h\u00e9licopt\u00e8re Tigre \u00e9voluant \u00e0 proximit\u00e9, d\u00e9cide de se poser \u00e0 une cinquantaine de m\u00e8tres de l\u00e0 pour tenter de r\u00e9cup\u00e9rer ses camarades au milieu de la zone de combat. Voyant cela et les flammes qui montent, Maxime surmonte ses douleurs et va chercher ses deux camarades encastr\u00e9s dans le cockpit. Ils sont incapables de marcher. Qu\u2019\u00e0 cela ne tienne, Maxime les tra\u00eene jusqu\u2019au Tigre. Petit d\u00e9tail\u00a0: l\u2019h\u00e9licopt\u00e8re Tigre n\u2019a aucune capacit\u00e9 de transport. Les trois hommes s\u2019accrochent donc comme ils peuvent au train d\u2019atterrissage et tiennent \u00e0 la force des bras pendant les cinq minutes de vol jusqu\u2019\u00e0 un lieu plus s\u00fbr. En tout, du crash au pos\u00e9 du Tigre, douze minutes de courage pur.<\/p>\n<p>Vous en avez entendu parler\u2009? Il est probable que non, m\u00eame si un petit reportage a \u00e9t\u00e9 fait et bien fait. \u00c9ternel probl\u00e8me\u00a0: la France a des hommes et des femmes ordinaires qui font r\u00e9guli\u00e8rement des choses extraordinaires loin de chez eux, mais peu le savent. Et quand par chance, on les voit sur le petit \u00e9cran, on ne cite que rarement leur nom complet.<\/p>\n<p>Maxime est tomb\u00e9 le 24\u00a0septembre dernier. Pour l\u2019honorer compl\u00e8tement, on peut donc enfin dire son nom\u00a0complet : Maxime Blasco. Pas sorti d\u2019une grande \u00e9cole, pas riche h\u00e9ritier, pas joueur au Paris\u2013Saint-Germain, pas influenceur sur Instagram, Maxime n\u2019avait pas de chance de faire la une, sauf peut-\u00eatre en passant par le Meilleur P\u00e2tissier, son premier m\u00e9tier. En fait, la p\u00e2tisserie ce n\u2019\u00e9tait pas son truc, son truc, comme beaucoup d\u2019hommes et de femmes qui s\u2019engagent dans un r\u00e9giment de combat c\u2019\u00e9tait justement le combat. Il a voulu une vie forte en \u00e9change du risque qu\u2019elle soit br\u00e8ve et comme il \u00e9tait des Alpes, il s\u2019est engag\u00e9 au 7<sup>e<\/sup>\u00a0bataillon de chasseurs alpins o\u00f9 il a trouv\u00e9 ce qu\u2019il cherchait. D\u00e8s sa premi\u00e8re op\u00e9ration, en Centrafrique, Maxime a particip\u00e9 au combat de Batangafo au nord du pays les 4 et 5\u00a0ao\u00fbt 2014. Ce combat tr\u00e8s violent a fait au moins 70\u00a0morts parmi ceux qui avaient attaqu\u00e9 les soldats fran\u00e7ais qui n\u2019avaient alors eu que deux bless\u00e9s, sans doute pas assez pour que cela int\u00e9resse plus les m\u00e9dias que les fausses accusations de p\u00e9dophilie dans la m\u00eame r\u00e9gion. Mais si on ne veut pas les voir et si l\u2019arm\u00e9e ne sait pas les montrer, les bons combattants sont au moins reconnus en interne. Maxime Blasco, alors tireur d\u2019\u00e9lite, a re\u00e7u l\u00e0 la Croix de la Valeur militaire et sa premi\u00e8re citation. Pour les non-initi\u00e9s, c\u2019est la version de temps de paix de la Croix de guerre, qui r\u00e9compense de la m\u00eame fa\u00e7on le courage au combat. Pour d\u00e9voiler la suite, Maxime BLASCO en recevra quatre en sept ans.<\/p>\n<p>Car bien entendu cela ne s\u2019est pas arr\u00eat\u00e9 l\u00e0. Comme il \u00e9tait tr\u00e8s bon, il a rapidement rejoint le Groupement de commandos montagne, ce qui se fait de mieux \u00e0 la 27<sup>e<\/sup>\u00a0brigade d\u2019infanterie de montagne. \u00c0 partir de l\u00e0, il a rejoint tous les ans \u00e0 partir de septembre 2016 et pour quatre mois \u00e0 chaque fois, l\u2019unit\u00e9 d\u2019intervention a\u00e9romobile au camp de Gao au Mali. Il a donc encha\u00een\u00e9 aussi les combats \u00e0 terre ou depuis l\u2019h\u00e9licopt\u00e8re o\u00f9 il servait comme tireur d\u2019\u00e9lite, un r\u00f4le d\u2019autant plus lourd que l\u2019on voit qui on tue et qui est \u00e9galement essentiel dans des engagements o\u00f9 il faut \u00e0 tout prix \u00e9viter de tuer des innocents. L\u2019importance des tireurs d\u2019\u00e9lite est consid\u00e9rable dans notre arm\u00e9e, quasi strat\u00e9gique quand on consid\u00e8re le poids d\u2019une seule erreur. Clint Eastwood a fait un film sur l\u2019un d\u2019entre eux, mais Clint Eastwood est am\u00e9ricain et Maxime BLASCO \u00e9tait infiniment plus humble que Chris Kyle, mais tout aussi accroch\u00e9 \u00e0 sa mission et \u00e0 ses potes, refusant tout poste \u00ab\u2009tranquille\u2009\u00bb apr\u00e8s ses blessures pour les rejoindre plus vite.<\/p>\n<p>Plein de combats donc, dont un o\u00f9 il a stopp\u00e9 un convoi ennemi \u00e0 lui tout seul et cette fameuse nuit de juin 2019. Au bout du compte, Maxime BLASCO est un des Fran\u00e7ais qui a fait le plus de mal \u00e0 nos ennemis djihadistes. Le pr\u00e9sident de la R\u00e9publique l\u2019a m\u00eame d\u00e9cor\u00e9 de la M\u00e9daille militaire, il y a quelques mois seulement. Il faudra qu\u2019on arr\u00eate un jour cette distinction aristocratique entre la L\u00e9gion d\u2019honneur pour les officiers et la M\u00e9daille militaire pour les autres, mais il faut que les Fran\u00e7ais se rendent compte que recevoir la M\u00e9daille militaire comme caporal-chef apr\u00e8s neuf ans de service, c\u2019est tr\u00e8s exceptionnel. C\u2019est recevoir une m\u00e9daille d\u2019or aux Jeux olympiques, mais discr\u00e8tement.<\/p>\n<p>Mais le combat est aussi forc\u00e9ment un risque. P\u00e9n\u00e9trer dans une zone de danger, c\u2019est lancer un d\u00e9. Selon le r\u00e9sultat, on en sort le plus souvent indemne, on est parfois bless\u00e9 dans son corps et son \u00e2me, on y perd aussi de temps en temps la vie. Le 24\u00a0septembre dernier, dans cette mission de reconnaissance pr\u00e8s de la fronti\u00e8re burkinab\u00e9, le d\u00e9 est mal tomb\u00e9. L\u2019ennemi n\u2019\u00e9tait pas d\u00e9truit apr\u00e8s le passage des Tigre et il restait encore un homme pour tirer \u00e0 bout portant sur Maxime, qui n\u2019a sans doute et comme souvent, m\u00eame pas vu qui lui tirait dessus. Comme les h\u00e9ros de l\u2019Illiade, le puissant destin s\u2019est empar\u00e9 de ses yeux et son \u00e2me s\u2019est envol\u00e9e sans souffrir. Celle de son ennemi n\u2019a pas tard\u00e9 \u00e0 le rejoindre.<\/p>\n<p>Ce n\u2019est pas parce que nos soldats tombent que nous perdons les guerres. Si nos soldats tombent, c\u2019est parce que nous acceptons comme nation qu\u2019ils prennent des risques, ce qui reste \u00e0 ce jour le seul moyen de vaincre nos ennemis. Pour autant, ils sont peu nombreux ceux qui acceptent de p\u00e9n\u00e9trer volontairement dans ces bulles de violence, quelques dizaines de milliers tout au plus. Ils constituent un tr\u00e9sor national qui m\u00e9rite sans doute plus, plus de moyens, d\u2019attention, de consid\u00e9rations. \u00c0 tout le moins, le minimum est de ne pas attendre qu\u2019ils soient tomb\u00e9s pour voir qu\u2019ils sont grands.<\/p>\n<p>&nbsp;<\/p>\n","protected":false},"excerpt":{"rendered":"<p>Par\u00a0le Colonel\u00a0Michel Goya Nous sommes dans la nuit du 14\u00a0juin 2019 au Mali. Ils sont trois dans l\u2019h\u00e9licopt\u00e8re Gazelle, Kevin et Adrien dans le cockpit&#46;&#46;&#46;<\/p>\n","protected":false},"author":1,"featured_media":823,"comment_status":"closed","ping_status":"open","sticky":false,"template":"","format":"standard","meta":{"footnotes":""},"categories":[1],"tags":[],"class_list":["post-820","post","type-post","status-publish","format-standard","has-post-thumbnail","hentry","category-non-classe"],"yoast_head":"<!-- This site is optimized with the Yoast SEO plugin v22.9 - https:\/\/yoast.com\/wordpress\/plugins\/seo\/ -->\n<title>La mort de Maxime Blasko - Site de la Seine Saint-Denis<\/title>\n<meta name=\"robots\" content=\"index, follow, max-snippet:-1, max-image-preview:large, max-video-preview:-1\" \/>\n<link rel=\"canonical\" href=\"http:\/\/unrp-seine-saint-denis.fr\/section\/2021\/09\/29\/la-mort-de-maxime-blasko\/\" \/>\n<meta property=\"og:locale\" content=\"fr_FR\" \/>\n<meta property=\"og:type\" content=\"article\" \/>\n<meta property=\"og:title\" content=\"La mort de Maxime Blasko - Site de la Seine Saint-Denis\" \/>\n<meta property=\"og:description\" content=\"Par\u00a0le Colonel\u00a0Michel Goya Nous sommes dans la nuit du 14\u00a0juin 2019 au Mali. Ils sont trois dans l\u2019h\u00e9licopt\u00e8re Gazelle, Kevin et Adrien dans le cockpit&#046;&#046;&#046;\" \/>\n<meta property=\"og:url\" content=\"http:\/\/unrp-seine-saint-denis.fr\/section\/2021\/09\/29\/la-mort-de-maxime-blasko\/\" \/>\n<meta property=\"og:site_name\" content=\"Site de la Seine Saint-Denis\" \/>\n<meta property=\"article:published_time\" content=\"2021-09-29T08:42:39+00:00\" \/>\n<meta property=\"article:modified_time\" content=\"2021-10-03T13:13:27+00:00\" \/>\n<meta property=\"og:image\" content=\"http:\/\/unrp-seine-saint-denis.fr\/section\/wp-content\/uploads\/2021\/09\/Maxime-Blasko-e1633532839197.jpg\" \/>\n\t<meta property=\"og:image:width\" content=\"392\" \/>\n\t<meta property=\"og:image:height\" content=\"259\" \/>\n\t<meta property=\"og:image:type\" content=\"image\/jpeg\" \/>\n<meta name=\"author\" content=\"Robert\" \/>\n<meta name=\"twitter:card\" content=\"summary_large_image\" \/>\n<meta name=\"twitter:label1\" content=\"\u00c9crit par\" \/>\n\t<meta name=\"twitter:data1\" content=\"Robert\" \/>\n\t<meta name=\"twitter:label2\" content=\"Dur\u00e9e de lecture estim\u00e9e\" \/>\n\t<meta name=\"twitter:data2\" content=\"6 minutes\" \/>\n<script type=\"application\/ld+json\" class=\"yoast-schema-graph\">{\"@context\":\"https:\/\/schema.org\",\"@graph\":[{\"@type\":\"WebPage\",\"@id\":\"http:\/\/unrp-seine-saint-denis.fr\/section\/2021\/09\/29\/la-mort-de-maxime-blasko\/\",\"url\":\"http:\/\/unrp-seine-saint-denis.fr\/section\/2021\/09\/29\/la-mort-de-maxime-blasko\/\",\"name\":\"La mort de Maxime Blasko - Site de la Seine Saint-Denis\",\"isPartOf\":{\"@id\":\"https:\/\/unrp-seine-saint-denis.fr\/section\/#website\"},\"primaryImageOfPage\":{\"@id\":\"http:\/\/unrp-seine-saint-denis.fr\/section\/2021\/09\/29\/la-mort-de-maxime-blasko\/#primaryimage\"},\"image\":{\"@id\":\"http:\/\/unrp-seine-saint-denis.fr\/section\/2021\/09\/29\/la-mort-de-maxime-blasko\/#primaryimage\"},\"thumbnailUrl\":\"https:\/\/unrp-seine-saint-denis.fr\/section\/wp-content\/uploads\/2021\/09\/Maxime-Blasko-e1633532839197.jpg\",\"datePublished\":\"2021-09-29T08:42:39+00:00\",\"dateModified\":\"2021-10-03T13:13:27+00:00\",\"author\":{\"@id\":\"https:\/\/unrp-seine-saint-denis.fr\/section\/#\/schema\/person\/77a4a54746e7c6eece2474c96338c6d0\"},\"breadcrumb\":{\"@id\":\"http:\/\/unrp-seine-saint-denis.fr\/section\/2021\/09\/29\/la-mort-de-maxime-blasko\/#breadcrumb\"},\"inLanguage\":\"fr-FR\",\"potentialAction\":[{\"@type\":\"ReadAction\",\"target\":[\"http:\/\/unrp-seine-saint-denis.fr\/section\/2021\/09\/29\/la-mort-de-maxime-blasko\/\"]}]},{\"@type\":\"ImageObject\",\"inLanguage\":\"fr-FR\",\"@id\":\"http:\/\/unrp-seine-saint-denis.fr\/section\/2021\/09\/29\/la-mort-de-maxime-blasko\/#primaryimage\",\"url\":\"https:\/\/unrp-seine-saint-denis.fr\/section\/wp-content\/uploads\/2021\/09\/Maxime-Blasko-e1633532839197.jpg\",\"contentUrl\":\"https:\/\/unrp-seine-saint-denis.fr\/section\/wp-content\/uploads\/2021\/09\/Maxime-Blasko-e1633532839197.jpg\",\"width\":392,\"height\":259},{\"@type\":\"BreadcrumbList\",\"@id\":\"http:\/\/unrp-seine-saint-denis.fr\/section\/2021\/09\/29\/la-mort-de-maxime-blasko\/#breadcrumb\",\"itemListElement\":[{\"@type\":\"ListItem\",\"position\":1,\"name\":\"Accueil\",\"item\":\"https:\/\/unrp-seine-saint-denis.fr\/section\/\"},{\"@type\":\"ListItem\",\"position\":2,\"name\":\"La mort de Maxime Blasko\"}]},{\"@type\":\"WebSite\",\"@id\":\"https:\/\/unrp-seine-saint-denis.fr\/section\/#website\",\"url\":\"https:\/\/unrp-seine-saint-denis.fr\/section\/\",\"name\":\"Site de la Seine Saint-Denis\",\"description\":\"Toujours plus haut, toujours plus fort.\",\"potentialAction\":[{\"@type\":\"SearchAction\",\"target\":{\"@type\":\"EntryPoint\",\"urlTemplate\":\"https:\/\/unrp-seine-saint-denis.fr\/section\/?s={search_term_string}\"},\"query-input\":\"required name=search_term_string\"}],\"inLanguage\":\"fr-FR\"},{\"@type\":\"Person\",\"@id\":\"https:\/\/unrp-seine-saint-denis.fr\/section\/#\/schema\/person\/77a4a54746e7c6eece2474c96338c6d0\",\"name\":\"Robert\",\"image\":{\"@type\":\"ImageObject\",\"inLanguage\":\"fr-FR\",\"@id\":\"https:\/\/unrp-seine-saint-denis.fr\/section\/#\/schema\/person\/image\/\",\"url\":\"https:\/\/secure.gravatar.com\/avatar\/c3b8872e20c5482937519cc90e54b2ddd2c3b1b8fe7ede9794daf1a9f8acc2fe?s=96&d=blank&r=g\",\"contentUrl\":\"https:\/\/secure.gravatar.com\/avatar\/c3b8872e20c5482937519cc90e54b2ddd2c3b1b8fe7ede9794daf1a9f8acc2fe?s=96&d=blank&r=g\",\"caption\":\"Robert\"},\"sameAs\":[\"http:\/\/unrp-seine-saint-denis.fr\/section\"],\"url\":\"https:\/\/unrp-seine-saint-denis.fr\/section\/author\/admin\/\"}]}<\/script>\n<!-- \/ Yoast SEO plugin. -->","yoast_head_json":{"title":"La mort de Maxime Blasko - Site de la Seine Saint-Denis","robots":{"index":"index","follow":"follow","max-snippet":"max-snippet:-1","max-image-preview":"max-image-preview:large","max-video-preview":"max-video-preview:-1"},"canonical":"http:\/\/unrp-seine-saint-denis.fr\/section\/2021\/09\/29\/la-mort-de-maxime-blasko\/","og_locale":"fr_FR","og_type":"article","og_title":"La mort de Maxime Blasko - Site de la Seine Saint-Denis","og_description":"Par\u00a0le Colonel\u00a0Michel Goya Nous sommes dans la nuit du 14\u00a0juin 2019 au Mali. Ils sont trois dans l\u2019h\u00e9licopt\u00e8re Gazelle, Kevin et Adrien dans le cockpit&#46;&#46;&#46;","og_url":"http:\/\/unrp-seine-saint-denis.fr\/section\/2021\/09\/29\/la-mort-de-maxime-blasko\/","og_site_name":"Site de la Seine Saint-Denis","article_published_time":"2021-09-29T08:42:39+00:00","article_modified_time":"2021-10-03T13:13:27+00:00","og_image":[{"width":392,"height":259,"url":"http:\/\/unrp-seine-saint-denis.fr\/section\/wp-content\/uploads\/2021\/09\/Maxime-Blasko-e1633532839197.jpg","type":"image\/jpeg"}],"author":"Robert","twitter_card":"summary_large_image","twitter_misc":{"\u00c9crit par":"Robert","Dur\u00e9e de lecture estim\u00e9e":"6 minutes"},"schema":{"@context":"https:\/\/schema.org","@graph":[{"@type":"WebPage","@id":"http:\/\/unrp-seine-saint-denis.fr\/section\/2021\/09\/29\/la-mort-de-maxime-blasko\/","url":"http:\/\/unrp-seine-saint-denis.fr\/section\/2021\/09\/29\/la-mort-de-maxime-blasko\/","name":"La mort de Maxime Blasko - Site de la Seine Saint-Denis","isPartOf":{"@id":"https:\/\/unrp-seine-saint-denis.fr\/section\/#website"},"primaryImageOfPage":{"@id":"http:\/\/unrp-seine-saint-denis.fr\/section\/2021\/09\/29\/la-mort-de-maxime-blasko\/#primaryimage"},"image":{"@id":"http:\/\/unrp-seine-saint-denis.fr\/section\/2021\/09\/29\/la-mort-de-maxime-blasko\/#primaryimage"},"thumbnailUrl":"https:\/\/unrp-seine-saint-denis.fr\/section\/wp-content\/uploads\/2021\/09\/Maxime-Blasko-e1633532839197.jpg","datePublished":"2021-09-29T08:42:39+00:00","dateModified":"2021-10-03T13:13:27+00:00","author":{"@id":"https:\/\/unrp-seine-saint-denis.fr\/section\/#\/schema\/person\/77a4a54746e7c6eece2474c96338c6d0"},"breadcrumb":{"@id":"http:\/\/unrp-seine-saint-denis.fr\/section\/2021\/09\/29\/la-mort-de-maxime-blasko\/#breadcrumb"},"inLanguage":"fr-FR","potentialAction":[{"@type":"ReadAction","target":["http:\/\/unrp-seine-saint-denis.fr\/section\/2021\/09\/29\/la-mort-de-maxime-blasko\/"]}]},{"@type":"ImageObject","inLanguage":"fr-FR","@id":"http:\/\/unrp-seine-saint-denis.fr\/section\/2021\/09\/29\/la-mort-de-maxime-blasko\/#primaryimage","url":"https:\/\/unrp-seine-saint-denis.fr\/section\/wp-content\/uploads\/2021\/09\/Maxime-Blasko-e1633532839197.jpg","contentUrl":"https:\/\/unrp-seine-saint-denis.fr\/section\/wp-content\/uploads\/2021\/09\/Maxime-Blasko-e1633532839197.jpg","width":392,"height":259},{"@type":"BreadcrumbList","@id":"http:\/\/unrp-seine-saint-denis.fr\/section\/2021\/09\/29\/la-mort-de-maxime-blasko\/#breadcrumb","itemListElement":[{"@type":"ListItem","position":1,"name":"Accueil","item":"https:\/\/unrp-seine-saint-denis.fr\/section\/"},{"@type":"ListItem","position":2,"name":"La mort de Maxime Blasko"}]},{"@type":"WebSite","@id":"https:\/\/unrp-seine-saint-denis.fr\/section\/#website","url":"https:\/\/unrp-seine-saint-denis.fr\/section\/","name":"Site de la Seine Saint-Denis","description":"Toujours plus haut, toujours plus fort.","potentialAction":[{"@type":"SearchAction","target":{"@type":"EntryPoint","urlTemplate":"https:\/\/unrp-seine-saint-denis.fr\/section\/?s={search_term_string}"},"query-input":"required name=search_term_string"}],"inLanguage":"fr-FR"},{"@type":"Person","@id":"https:\/\/unrp-seine-saint-denis.fr\/section\/#\/schema\/person\/77a4a54746e7c6eece2474c96338c6d0","name":"Robert","image":{"@type":"ImageObject","inLanguage":"fr-FR","@id":"https:\/\/unrp-seine-saint-denis.fr\/section\/#\/schema\/person\/image\/","url":"https:\/\/secure.gravatar.com\/avatar\/c3b8872e20c5482937519cc90e54b2ddd2c3b1b8fe7ede9794daf1a9f8acc2fe?s=96&d=blank&r=g","contentUrl":"https:\/\/secure.gravatar.com\/avatar\/c3b8872e20c5482937519cc90e54b2ddd2c3b1b8fe7ede9794daf1a9f8acc2fe?s=96&d=blank&r=g","caption":"Robert"},"sameAs":["http:\/\/unrp-seine-saint-denis.fr\/section"],"url":"https:\/\/unrp-seine-saint-denis.fr\/section\/author\/admin\/"}]}},"_links":{"self":[{"href":"https:\/\/unrp-seine-saint-denis.fr\/section\/wp-json\/wp\/v2\/posts\/820","targetHints":{"allow":["GET"]}}],"collection":[{"href":"https:\/\/unrp-seine-saint-denis.fr\/section\/wp-json\/wp\/v2\/posts"}],"about":[{"href":"https:\/\/unrp-seine-saint-denis.fr\/section\/wp-json\/wp\/v2\/types\/post"}],"author":[{"embeddable":true,"href":"https:\/\/unrp-seine-saint-denis.fr\/section\/wp-json\/wp\/v2\/users\/1"}],"replies":[{"embeddable":true,"href":"https:\/\/unrp-seine-saint-denis.fr\/section\/wp-json\/wp\/v2\/comments?post=820"}],"version-history":[{"count":5,"href":"https:\/\/unrp-seine-saint-denis.fr\/section\/wp-json\/wp\/v2\/posts\/820\/revisions"}],"predecessor-version":[{"id":832,"href":"https:\/\/unrp-seine-saint-denis.fr\/section\/wp-json\/wp\/v2\/posts\/820\/revisions\/832"}],"wp:featuredmedia":[{"embeddable":true,"href":"https:\/\/unrp-seine-saint-denis.fr\/section\/wp-json\/wp\/v2\/media\/823"}],"wp:attachment":[{"href":"https:\/\/unrp-seine-saint-denis.fr\/section\/wp-json\/wp\/v2\/media?parent=820"}],"wp:term":[{"taxonomy":"category","embeddable":true,"href":"https:\/\/unrp-seine-saint-denis.fr\/section\/wp-json\/wp\/v2\/categories?post=820"},{"taxonomy":"post_tag","embeddable":true,"href":"https:\/\/unrp-seine-saint-denis.fr\/section\/wp-json\/wp\/v2\/tags?post=820"}],"curies":[{"name":"wp","href":"https:\/\/api.w.org\/{rel}","templated":true}]}}