{"id":827,"date":"2021-10-01T15:52:22","date_gmt":"2021-10-01T13:52:22","guid":{"rendered":"http:\/\/unrp-seine-saint-denis.fr\/section\/?p=827"},"modified":"2023-06-07T08:33:00","modified_gmt":"2023-06-07T06:33:00","slug":"le-pole-des-retraites","status":"publish","type":"post","link":"https:\/\/unrp-seine-saint-denis.fr\/section\/2021\/10\/01\/le-pole-des-retraites\/","title":{"rendered":"Le p\u00f4le des retrait\u00e9s"},"content":{"rendered":"<p>Afin de lutter contre les injustices, les exclusions et demi-mesures, le p\u00f4le des retrait\u00e9s ainsi que Philippe MOU\u00c9, pr\u00e9sident de l\u2019 UNRP, appellent \u00e0 la mobilisation. En r\u00e9gion parisienne, la manifestation aura lieu devant Bercy le vendredi 1er octobre \u00e0 14 heures.<\/p>\n<p>Philippe MOU\u00c9, pr\u00e9sident de l\u2019 UNRP, s\u2019adresse directement aux membres de l\u2019association pour cette mobilisation :<\/p>\n<p>\u201cApr\u00e8s un \u00e9t\u00e9 tr\u00e8s calme o\u00f9 nous n\u2019avons parl\u00e9 presque exclusivement que de la crise sanitaire, puis la tenue de notre assembl\u00e9e g\u00e9n\u00e9rale d\u2019Albi, la vie sociale de notre pays reprend ses droits.<\/p>\n<p>Le P\u00f4le des retrait\u00e9s de la fonction publique s\u2019est r\u00e9uni le 3 septembre dans les locaux de l\u2019UNRP et, entre autres, a d\u00e9cid\u00e9 de publier un communiqu\u00e9 de presse commun \u00e0 nos six organisations et de participer \u00e0 la journ\u00e9e de mobilisation des retrait\u00e9s du 1er octobre 2021.<\/p>\n<p>Nous vous transmettons ce communiqu\u00e9 de presse qui vous servira de support \u00e0 vos mobilisations respectives dans tous les d\u00e9partements. Nous ne connaissons pas les lieux de rassemblement dans les d\u00e9partements et vous demandons de vous renseigner localement aupr\u00e8s de la presse locale ou des organisations organisatrices.<\/p>\n<p>Pour l\u2019Ile de France, le rassemblement se fera devant Bercy \u00e0 14h00. Nous serons pr\u00e9sents.\u201d \u2013 Philippe MOU\u00c9<\/p>\n","protected":false},"excerpt":{"rendered":"<p>Afin de lutter contre les injustices, les exclusions et demi-mesures, le p\u00f4le des retrait\u00e9s ainsi que Philippe MOU\u00c9, pr\u00e9sident de l\u2019 UNRP, appellent \u00e0 la&#46;&#46;&#46;<\/p>\n","protected":false},"author":1,"featured_media":830,"comment_status":"closed","ping_status":"open","sticky":false,"template":"","format":"standard","meta":{"footnotes":""},"categories":[4],"tags":[],"class_list":["post-827","post","type-post","status-publish","format-standard","has-post-thumbnail","hentry","category-retraites"],"yoast_head":"<!-- This site is optimized with the Yoast SEO plugin v22.9 - https:\/\/yoast.com\/wordpress\/plugins\/seo\/ -->\n<title>Le p\u00f4le des retrait\u00e9s - Site de la Seine Saint-Denis<\/title>\n<meta name=\"robots\" content=\"index, follow, max-snippet:-1, max-image-preview:large, max-video-preview:-1\" \/>\n<link rel=\"canonical\" href=\"http:\/\/unrp-seine-saint-denis.fr\/section\/2021\/10\/01\/le-pole-des-retraites\/\" \/>\n<meta property=\"og:locale\" content=\"fr_FR\" \/>\n<meta property=\"og:type\" content=\"article\" \/>\n<meta property=\"og:title\" content=\"Le p\u00f4le des retrait\u00e9s - Site de la Seine Saint-Denis\" \/>\n<meta property=\"og:description\" content=\"Afin de lutter contre les injustices, les exclusions et demi-mesures, le p\u00f4le des retrait\u00e9s ainsi que Philippe MOU\u00c9, pr\u00e9sident de l\u2019 UNRP, appellent \u00e0 la&#046;&#046;&#046;\" \/>\n<meta property=\"og:url\" content=\"http:\/\/unrp-seine-saint-denis.fr\/section\/2021\/10\/01\/le-pole-des-retraites\/\" \/>\n<meta property=\"og:site_name\" content=\"Site de la Seine Saint-Denis\" \/>\n<meta property=\"article:published_time\" content=\"2021-10-01T13:52:22+00:00\" \/>\n<meta property=\"article:modified_time\" content=\"2023-06-07T06:33:00+00:00\" \/>\n<meta property=\"og:image\" content=\"http:\/\/unrp-seine-saint-denis.fr\/section\/wp-content\/uploads\/2021\/10\/le-pole-des-retaites-e1633532895302.jpg\" \/>\n\t<meta property=\"og:image:width\" content=\"392\" \/>\n\t<meta property=\"og:image:height\" content=\"262\" \/>\n\t<meta property=\"og:image:type\" content=\"image\/jpeg\" \/>\n<meta name=\"author\" content=\"Robert\" \/>\n<meta name=\"twitter:card\" content=\"summary_large_image\" \/>\n<meta name=\"twitter:label1\" content=\"\u00c9crit par\" \/>\n\t<meta name=\"twitter:data1\" content=\"Robert\" \/>\n\t<meta name=\"twitter:label2\" content=\"Dur\u00e9e de lecture estim\u00e9e\" \/>\n\t<meta name=\"twitter:data2\" content=\"1 minute\" \/>\n<script type=\"application\/ld+json\" class=\"yoast-schema-graph\">{\"@context\":\"https:\/\/schema.org\",\"@graph\":[{\"@type\":\"WebPage\",\"@id\":\"http:\/\/unrp-seine-saint-denis.fr\/section\/2021\/10\/01\/le-pole-des-retraites\/\",\"url\":\"http:\/\/unrp-seine-saint-denis.fr\/section\/2021\/10\/01\/le-pole-des-retraites\/\",\"name\":\"Le p\u00f4le des retrait\u00e9s - Site de la Seine Saint-Denis\",\"isPartOf\":{\"@id\":\"https:\/\/unrp-seine-saint-denis.fr\/section\/#website\"},\"primaryImageOfPage\":{\"@id\":\"http:\/\/unrp-seine-saint-denis.fr\/section\/2021\/10\/01\/le-pole-des-retraites\/#primaryimage\"},\"image\":{\"@id\":\"http:\/\/unrp-seine-saint-denis.fr\/section\/2021\/10\/01\/le-pole-des-retraites\/#primaryimage\"},\"thumbnailUrl\":\"https:\/\/unrp-seine-saint-denis.fr\/section\/wp-content\/uploads\/2021\/10\/le-pole-des-retaites-e1633532895302.jpg\",\"datePublished\":\"2021-10-01T13:52:22+00:00\",\"dateModified\":\"2023-06-07T06:33:00+00:00\",\"author\":{\"@id\":\"https:\/\/unrp-seine-saint-denis.fr\/section\/#\/schema\/person\/77a4a54746e7c6eece2474c96338c6d0\"},\"breadcrumb\":{\"@id\":\"http:\/\/unrp-seine-saint-denis.fr\/section\/2021\/10\/01\/le-pole-des-retraites\/#breadcrumb\"},\"inLanguage\":\"fr-FR\",\"potentialAction\":[{\"@type\":\"ReadAction\",\"target\":[\"http:\/\/unrp-seine-saint-denis.fr\/section\/2021\/10\/01\/le-pole-des-retraites\/\"]}]},{\"@type\":\"ImageObject\",\"inLanguage\":\"fr-FR\",\"@id\":\"http:\/\/unrp-seine-saint-denis.fr\/section\/2021\/10\/01\/le-pole-des-retraites\/#primaryimage\",\"url\":\"https:\/\/unrp-seine-saint-denis.fr\/section\/wp-content\/uploads\/2021\/10\/le-pole-des-retaites-e1633532895302.jpg\",\"contentUrl\":\"https:\/\/unrp-seine-saint-denis.fr\/section\/wp-content\/uploads\/2021\/10\/le-pole-des-retaites-e1633532895302.jpg\",\"width\":392,\"height\":262},{\"@type\":\"BreadcrumbList\",\"@id\":\"http:\/\/unrp-seine-saint-denis.fr\/section\/2021\/10\/01\/le-pole-des-retraites\/#breadcrumb\",\"itemListElement\":[{\"@type\":\"ListItem\",\"position\":1,\"name\":\"Accueil\",\"item\":\"https:\/\/unrp-seine-saint-denis.fr\/section\/\"},{\"@type\":\"ListItem\",\"position\":2,\"name\":\"Le p\u00f4le des retrait\u00e9s\"}]},{\"@type\":\"WebSite\",\"@id\":\"https:\/\/unrp-seine-saint-denis.fr\/section\/#website\",\"url\":\"https:\/\/unrp-seine-saint-denis.fr\/section\/\",\"name\":\"Site de la Seine Saint-Denis\",\"description\":\"Toujours plus haut, toujours plus fort.\",\"potentialAction\":[{\"@type\":\"SearchAction\",\"target\":{\"@type\":\"EntryPoint\",\"urlTemplate\":\"https:\/\/unrp-seine-saint-denis.fr\/section\/?s={search_term_string}\"},\"query-input\":\"required name=search_term_string\"}],\"inLanguage\":\"fr-FR\"},{\"@type\":\"Person\",\"@id\":\"https:\/\/unrp-seine-saint-denis.fr\/section\/#\/schema\/person\/77a4a54746e7c6eece2474c96338c6d0\",\"name\":\"Robert\",\"image\":{\"@type\":\"ImageObject\",\"inLanguage\":\"fr-FR\",\"@id\":\"https:\/\/unrp-seine-saint-denis.fr\/section\/#\/schema\/person\/image\/\",\"url\":\"https:\/\/secure.gravatar.com\/avatar\/c3b8872e20c5482937519cc90e54b2ddd2c3b1b8fe7ede9794daf1a9f8acc2fe?s=96&d=blank&r=g\",\"contentUrl\":\"https:\/\/secure.gravatar.com\/avatar\/c3b8872e20c5482937519cc90e54b2ddd2c3b1b8fe7ede9794daf1a9f8acc2fe?s=96&d=blank&r=g\",\"caption\":\"Robert\"},\"sameAs\":[\"http:\/\/unrp-seine-saint-denis.fr\/section\"],\"url\":\"https:\/\/unrp-seine-saint-denis.fr\/section\/author\/admin\/\"}]}<\/script>\n<!-- \/ Yoast SEO plugin. -->","yoast_head_json":{"title":"Le p\u00f4le des retrait\u00e9s - Site de la Seine Saint-Denis","robots":{"index":"index","follow":"follow","max-snippet":"max-snippet:-1","max-image-preview":"max-image-preview:large","max-video-preview":"max-video-preview:-1"},"canonical":"http:\/\/unrp-seine-saint-denis.fr\/section\/2021\/10\/01\/le-pole-des-retraites\/","og_locale":"fr_FR","og_type":"article","og_title":"Le p\u00f4le des retrait\u00e9s - Site de la Seine Saint-Denis","og_description":"Afin de lutter contre les injustices, les exclusions et demi-mesures, le p\u00f4le des retrait\u00e9s ainsi que Philippe MOU\u00c9, pr\u00e9sident de l\u2019 UNRP, appellent \u00e0 la&#46;&#46;&#46;","og_url":"http:\/\/unrp-seine-saint-denis.fr\/section\/2021\/10\/01\/le-pole-des-retraites\/","og_site_name":"Site de la Seine Saint-Denis","article_published_time":"2021-10-01T13:52:22+00:00","article_modified_time":"2023-06-07T06:33:00+00:00","og_image":[{"width":392,"height":262,"url":"http:\/\/unrp-seine-saint-denis.fr\/section\/wp-content\/uploads\/2021\/10\/le-pole-des-retaites-e1633532895302.jpg","type":"image\/jpeg"}],"author":"Robert","twitter_card":"summary_large_image","twitter_misc":{"\u00c9crit par":"Robert","Dur\u00e9e de lecture estim\u00e9e":"1 minute"},"schema":{"@context":"https:\/\/schema.org","@graph":[{"@type":"WebPage","@id":"http:\/\/unrp-seine-saint-denis.fr\/section\/2021\/10\/01\/le-pole-des-retraites\/","url":"http:\/\/unrp-seine-saint-denis.fr\/section\/2021\/10\/01\/le-pole-des-retraites\/","name":"Le p\u00f4le des retrait\u00e9s - Site de la Seine Saint-Denis","isPartOf":{"@id":"https:\/\/unrp-seine-saint-denis.fr\/section\/#website"},"primaryImageOfPage":{"@id":"http:\/\/unrp-seine-saint-denis.fr\/section\/2021\/10\/01\/le-pole-des-retraites\/#primaryimage"},"image":{"@id":"http:\/\/unrp-seine-saint-denis.fr\/section\/2021\/10\/01\/le-pole-des-retraites\/#primaryimage"},"thumbnailUrl":"https:\/\/unrp-seine-saint-denis.fr\/section\/wp-content\/uploads\/2021\/10\/le-pole-des-retaites-e1633532895302.jpg","datePublished":"2021-10-01T13:52:22+00:00","dateModified":"2023-06-07T06:33:00+00:00","author":{"@id":"https:\/\/unrp-seine-saint-denis.fr\/section\/#\/schema\/person\/77a4a54746e7c6eece2474c96338c6d0"},"breadcrumb":{"@id":"http:\/\/unrp-seine-saint-denis.fr\/section\/2021\/10\/01\/le-pole-des-retraites\/#breadcrumb"},"inLanguage":"fr-FR","potentialAction":[{"@type":"ReadAction","target":["http:\/\/unrp-seine-saint-denis.fr\/section\/2021\/10\/01\/le-pole-des-retraites\/"]}]},{"@type":"ImageObject","inLanguage":"fr-FR","@id":"http:\/\/unrp-seine-saint-denis.fr\/section\/2021\/10\/01\/le-pole-des-retraites\/#primaryimage","url":"https:\/\/unrp-seine-saint-denis.fr\/section\/wp-content\/uploads\/2021\/10\/le-pole-des-retaites-e1633532895302.jpg","contentUrl":"https:\/\/unrp-seine-saint-denis.fr\/section\/wp-content\/uploads\/2021\/10\/le-pole-des-retaites-e1633532895302.jpg","width":392,"height":262},{"@type":"BreadcrumbList","@id":"http:\/\/unrp-seine-saint-denis.fr\/section\/2021\/10\/01\/le-pole-des-retraites\/#breadcrumb","itemListElement":[{"@type":"ListItem","position":1,"name":"Accueil","item":"https:\/\/unrp-seine-saint-denis.fr\/section\/"},{"@type":"ListItem","position":2,"name":"Le p\u00f4le des retrait\u00e9s"}]},{"@type":"WebSite","@id":"https:\/\/unrp-seine-saint-denis.fr\/section\/#website","url":"https:\/\/unrp-seine-saint-denis.fr\/section\/","name":"Site de la Seine Saint-Denis","description":"Toujours plus haut, toujours plus fort.","potentialAction":[{"@type":"SearchAction","target":{"@type":"EntryPoint","urlTemplate":"https:\/\/unrp-seine-saint-denis.fr\/section\/?s={search_term_string}"},"query-input":"required name=search_term_string"}],"inLanguage":"fr-FR"},{"@type":"Person","@id":"https:\/\/unrp-seine-saint-denis.fr\/section\/#\/schema\/person\/77a4a54746e7c6eece2474c96338c6d0","name":"Robert","image":{"@type":"ImageObject","inLanguage":"fr-FR","@id":"https:\/\/unrp-seine-saint-denis.fr\/section\/#\/schema\/person\/image\/","url":"https:\/\/secure.gravatar.com\/avatar\/c3b8872e20c5482937519cc90e54b2ddd2c3b1b8fe7ede9794daf1a9f8acc2fe?s=96&d=blank&r=g","contentUrl":"https:\/\/secure.gravatar.com\/avatar\/c3b8872e20c5482937519cc90e54b2ddd2c3b1b8fe7ede9794daf1a9f8acc2fe?s=96&d=blank&r=g","caption":"Robert"},"sameAs":["http:\/\/unrp-seine-saint-denis.fr\/section"],"url":"https:\/\/unrp-seine-saint-denis.fr\/section\/author\/admin\/"}]}},"_links":{"self":[{"href":"https:\/\/unrp-seine-saint-denis.fr\/section\/wp-json\/wp\/v2\/posts\/827","targetHints":{"allow":["GET"]}}],"collection":[{"href":"https:\/\/unrp-seine-saint-denis.fr\/section\/wp-json\/wp\/v2\/posts"}],"about":[{"href":"https:\/\/unrp-seine-saint-denis.fr\/section\/wp-json\/wp\/v2\/types\/post"}],"author":[{"embeddable":true,"href":"https:\/\/unrp-seine-saint-denis.fr\/section\/wp-json\/wp\/v2\/users\/1"}],"replies":[{"embeddable":true,"href":"https:\/\/unrp-seine-saint-denis.fr\/section\/wp-json\/wp\/v2\/comments?post=827"}],"version-history":[{"count":3,"href":"https:\/\/unrp-seine-saint-denis.fr\/section\/wp-json\/wp\/v2\/posts\/827\/revisions"}],"predecessor-version":[{"id":834,"href":"https:\/\/unrp-seine-saint-denis.fr\/section\/wp-json\/wp\/v2\/posts\/827\/revisions\/834"}],"wp:featuredmedia":[{"embeddable":true,"href":"https:\/\/unrp-seine-saint-denis.fr\/section\/wp-json\/wp\/v2\/media\/830"}],"wp:attachment":[{"href":"https:\/\/unrp-seine-saint-denis.fr\/section\/wp-json\/wp\/v2\/media?parent=827"}],"wp:term":[{"taxonomy":"category","embeddable":true,"href":"https:\/\/unrp-seine-saint-denis.fr\/section\/wp-json\/wp\/v2\/categories?post=827"},{"taxonomy":"post_tag","embeddable":true,"href":"https:\/\/unrp-seine-saint-denis.fr\/section\/wp-json\/wp\/v2\/tags?post=827"}],"curies":[{"name":"wp","href":"https:\/\/api.w.org\/{rel}","templated":true}]}}